{"id":7791,"global_id":"kuwehi.de?id=7791","global_id_lineage":["kuwehi.de?id=7791"],"author":"1","status":"publish","date":"2023-10-18 14:33:35","date_utc":"2023-10-18 12:33:35","modified":"2023-12-07 19:14:07","modified_utc":"2023-12-07 18:14:07","url":"https:\/\/kuwehi.de\/?tribe_events=adventliches-familienangebot-in-gemuetlicher-atmosphaere-gemeinsam-filzen","rest_url":"https:\/\/kuwehi.de\/index.php?rest_route=\/tribe\/events\/v1\/events\/7791","title":"Adventliches Gemeinschaftsangebot &#8211; In gem\u00fctlicher Atmosph\u00e4re gemeinsam Filzen","description":"<h5><\/h5>\n<p>&nbsp;<\/p>\n<h4><span style=\"font-size: 26px;\"><span style=\"font-family: book antiqua, palatino;\"><img fetchpriority=\"high\" decoding=\"async\" class=\"alignleft wp-image-7783\" src=\"https:\/\/kuwehi.de\/wp-content\/uploads\/2023\/10\/20230928_120311-1600x2844.jpg\" alt=\"\" width=\"405\" height=\"720\" srcset=\"https:\/\/kuwehi.de\/wp-content\/uploads\/2023\/10\/20230928_120311-1600x2844.jpg 1600w, https:\/\/kuwehi.de\/wp-content\/uploads\/2023\/10\/20230928_120311-169x300.jpg 169w, https:\/\/kuwehi.de\/wp-content\/uploads\/2023\/10\/20230928_120311-576x1024.jpg 576w, https:\/\/kuwehi.de\/wp-content\/uploads\/2023\/10\/20230928_120311-84x150.jpg 84w, https:\/\/kuwehi.de\/wp-content\/uploads\/2023\/10\/20230928_120311-768x1365.jpg 768w, https:\/\/kuwehi.de\/wp-content\/uploads\/2023\/10\/20230928_120311-864x1536.jpg 864w, https:\/\/kuwehi.de\/wp-content\/uploads\/2023\/10\/20230928_120311-1152x2048.jpg 1152w, https:\/\/kuwehi.de\/wp-content\/uploads\/2023\/10\/20230928_120311-scaled.jpg 1440w\" sizes=\"(max-width: 405px) 100vw, 405px\" \/><\/span><\/span><\/h4>\n<h4><\/h4>\n<h4><\/h4>\n<h4><span style=\"font-size: 26px;\"><strong>Mit Clotilde Bonhert und Kirsten Brauns<\/strong><\/span><\/h4>\n<h5><span style=\"font-family: book antiqua, palatino; font-size: 26px;\">In gem\u00fctlicher Atmosph\u00e4re k\u00f6nnen Gro\u00df und Klein (ab 5 Jahren) gemeinsam das Filzen genie\u00dfen.<\/span><br \/>\n<span style=\"font-family: book antiqua, palatino; font-size: 26px;\">Dabei geht es vor allem um Weihnachtsschmuck f\u00fcr den Weihnachtsbaum oder die Adventzeit.<\/span><\/h5>\n<h5><span style=\"font-family: book antiqua, palatino; font-size: 26px;\">Mit warmem Wasser und Seife oder mit der Filznadel k\u00f6nnen Zwerge, Nikolaus, Weihnachtsbaumkugeln und noch viel mehr entstehen.<\/span><\/h5>\n<h5><span style=\"font-size: 26px;\"><span style=\"font-family: book antiqua, palatino;\"><strong>Termin:<\/strong><\/span><\/span><\/h5>\n<h5><span style=\"font-size: 26px;\"> <span style=\"font-family: book antiqua, palatino;\">Samstag, 09. Dezember 10:00 bis 13:00 Uhr<\/span><\/span><\/h5>\n<h5><span style=\"font-size: 26px;\"><strong><span style=\"font-family: book antiqua, palatino;\">Kosten: <\/span><\/strong><\/span><\/h5>\n<h5><span style=\"font-family: book antiqua, palatino; font-size: 26px;\">40 \u20ac pro Erwachsener mit einem Kind (ab 5 Jahren)\u00a0 oder\u00a0 <\/span><\/h5>\n<h5><span style=\"font-family: book antiqua, palatino; font-size: 26px;\">50 \u20ac pro Erwachsener mit zwei Kindern <\/span><\/h5>\n<h5>Bitte melden Sie sich gemeinsam mit Ihren Kindern <em>auf einem<\/em> Anmeldeformular an!<\/h5>\n<h5><span style=\"font-family: book antiqua, palatino; font-size: 26px;\">oder<br \/>\n<\/span><\/h5>\n<h5><span style=\"font-family: book antiqua, palatino;\">30 \u20ac f\u00fcr einen Erwachsenen ohne Kind, der gern mitfilzen m\u00f6chte<\/span><\/h5>\n<h5><span style=\"font-family: book antiqua, palatino; font-size: 26px;\">(plus Materialkosten: Je nach Verbrauch, welche im Kurs zu zahlen sind)<\/span><\/h5>\n<h5><\/h5>","excerpt":"","slug":"adventliches-familienangebot-in-gemuetlicher-atmosphaere-gemeinsam-filzen","image":{"url":"https:\/\/kuwehi.de\/wp-content\/uploads\/2023\/10\/Weihnachtswichtel-16-zu-9-scaled.jpg","id":7766,"extension":"jpg","width":2560,"height":1440,"filesize":758550,"sizes":{"medium":{"width":300,"height":169,"mime-type":"image\/jpeg","filesize":20838,"url":"https:\/\/kuwehi.de\/wp-content\/uploads\/2023\/10\/Weihnachtswichtel-16-zu-9-300x169.jpg"},"large":{"width":1024,"height":576,"mime-type":"image\/jpeg","filesize":138027,"url":"https:\/\/kuwehi.de\/wp-content\/uploads\/2023\/10\/Weihnachtswichtel-16-zu-9-1024x576.jpg"},"thumbnail":{"width":150,"height":84,"mime-type":"image\/jpeg","filesize":11722,"url":"https:\/\/kuwehi.de\/wp-content\/uploads\/2023\/10\/Weihnachtswichtel-16-zu-9-150x84.jpg"},"medium_large":{"width":768,"height":432,"mime-type":"image\/jpeg","filesize":82214,"url":"https:\/\/kuwehi.de\/wp-content\/uploads\/2023\/10\/Weihnachtswichtel-16-zu-9-768x432.jpg"},"1536x1536":{"width":1536,"height":864,"mime-type":"image\/jpeg","filesize":296106,"url":"https:\/\/kuwehi.de\/wp-content\/uploads\/2023\/10\/Weihnachtswichtel-16-zu-9-1536x864.jpg"},"2048x2048":{"width":2048,"height":1152,"mime-type":"image\/jpeg","filesize":506816,"url":"https:\/\/kuwehi.de\/wp-content\/uploads\/2023\/10\/Weihnachtswichtel-16-zu-9-2048x1152.jpg"},"primer-featured":{"width":1600,"height":900,"mime-type":"image\/jpeg","filesize":320661,"url":"https:\/\/kuwehi.de\/wp-content\/uploads\/2023\/10\/Weihnachtswichtel-16-zu-9-1600x900.jpg"},"primer-hero":{"width":2400,"height":1300,"mime-type":"image\/jpeg","filesize":662180,"url":"https:\/\/kuwehi.de\/wp-content\/uploads\/2023\/10\/Weihnachtswichtel-16-zu-9-2400x1300.jpg"}},"original_image":"Weihnachtswichtel-16-zu-9.jpg"},"all_day":false,"start_date":"2023-12-09 10:00:00","start_date_details":{"year":"2023","month":"12","day":"09","hour":"10","minutes":"00","seconds":"00"},"end_date":"2023-12-09 13:00:00","end_date_details":{"year":"2023","month":"12","day":"09","hour":"13","minutes":"00","seconds":"00"},"utc_start_date":"2023-12-09 09:00:00","utc_start_date_details":{"year":"2023","month":"12","day":"09","hour":"09","minutes":"00","seconds":"00"},"utc_end_date":"2023-12-09 12:00:00","utc_end_date_details":{"year":"2023","month":"12","day":"09","hour":"12","minutes":"00","seconds":"00"},"timezone":"Europe\/Berlin","timezone_abbr":"CET","cost":"","cost_details":{"currency_symbol":"","currency_code":"","currency_position":"prefix","values":[]},"website":"","show_map":true,"show_map_link":true,"hide_from_listings":false,"sticky":false,"featured":false,"categories":[],"tags":[],"venue":{"id":488,"author":"1","status":"publish","date":"2020-04-18 16:48:27","date_utc":"2020-04-18 16:48:27","modified":"2026-02-27 12:21:59","modified_utc":"2026-02-27 11:21:59","url":"https:\/\/kuwehi.de\/?tribe_venue=kulturwerkstatt-hiddenhausen","venue":"Kulturwerkstatt Hiddenhausen","slug":"kulturwerkstatt-hiddenhausen","address":"Sonntagstra\u00dfe 11","city":"Hiddenhausen","zip":"32120","phone":"05223\/9859880","json_ld":{"@type":"Place","name":"Kulturwerkstatt Hiddenhausen","description":"","url":"","address":{"@type":"PostalAddress","streetAddress":"Sonntagstra\u00dfe 11","addressLocality":"Hiddenhausen","postalCode":"32120"},"telephone":"05223\/9859880","sameAs":""},"show_map":true,"show_map_link":true,"global_id":"kuwehi.de?id=488","global_id_lineage":["kuwehi.de?id=488"]},"organizer":[{"id":489,"author":"1","status":"publish","date":"2020-04-18 16:48:27","date_utc":"2020-04-18 16:48:27","modified":"2022-03-28 18:42:48","modified_utc":"2022-03-28 16:42:48","url":"https:\/\/kuwehi.de\/?tribe_organizer=kulurwerkstatt-hiddenhausen-e-v","organizer":"KulturWerkstatt Hiddenhausen e.V.","slug":"kulurwerkstatt-hiddenhausen-e-v","phone":"05223\/9859880","website":"www.kuwehi.de","email":"info@kuwehi.de","json_ld":{"@type":"Person","name":"KulturWerkstatt Hiddenhausen e.V.","description":"","url":"http:\/\/www.kuwehi.de","telephone":"05223\/9859880","email":"in&#102;o&#64;&#107;&#117;&#119;e&#104;&#105;.&#100;e","sameAs":"http:\/\/www.kuwehi.de"},"global_id":"kuwehi.de?id=489","global_id_lineage":["kuwehi.de?id=489"]}],"custom_fields":[],"json_ld":{"@context":"http:\/\/schema.org","@type":"Event","name":"Adventliches Gemeinschaftsangebot &#8211; In gem\u00fctlicher Atmosph\u00e4re gemeinsam Filzen","description":"&lt;p&gt;&nbsp; Mit Clotilde Bonhert und Kirsten Brauns In gem\u00fctlicher Atmosph\u00e4re k\u00f6nnen Gro\u00df und Klein (ab 5 Jahren) gemeinsam das Filzen&hellip;&lt;\/p&gt;\\n","image":"https:\/\/kuwehi.de\/wp-content\/uploads\/2023\/10\/Weihnachtswichtel-16-zu-9-scaled.jpg","url":"https:\/\/kuwehi.de\/?tribe_events=adventliches-familienangebot-in-gemuetlicher-atmosphaere-gemeinsam-filzen","eventAttendanceMode":"https:\/\/schema.org\/OfflineEventAttendanceMode","eventStatus":"https:\/\/schema.org\/EventScheduled","startDate":"2023-12-09T10:00:00+01:00","endDate":"2023-12-09T13:00:00+01:00","location":{"@type":"Place","name":"Kulturwerkstatt Hiddenhausen","description":"","url":"","address":{"@type":"PostalAddress","streetAddress":"Sonntagstra\u00dfe 11","addressLocality":"Hiddenhausen","postalCode":"32120"},"telephone":"05223\/9859880","sameAs":""},"organizer":{"@type":"Person","name":"KulturWerkstatt Hiddenhausen e.V.","description":"","url":"http:\/\/www.kuwehi.de","telephone":"05223\/9859880","email":"inf&#111;&#64;k&#117;&#119;&#101;h&#105;.&#100;&#101;","sameAs":"http:\/\/www.kuwehi.de"},"performer":"Organization"},"ticketed":false}