{"id":7424,"global_id":"kuwehi.de?id=7424","global_id_lineage":["kuwehi.de?id=7424"],"author":"1","status":"publish","date":"2023-06-28 14:52:59","date_utc":"2023-06-28 12:52:59","modified":"2023-11-08 11:23:23","modified_utc":"2023-11-08 10:23:23","url":"https:\/\/kuwehi.de\/?tribe_events=fruechte-des-herbstes-im-november-2023","rest_url":"https:\/\/kuwehi.de\/index.php?rest_route=\/tribe\/events\/v1\/events\/7424","title":"Fr\u00fcchte des Herbstes im November 2023","description":"<h2 style=\"text-align: center;\"><\/h2>\n<p>&nbsp;<\/p>\n<div id='gallery-1' class='gallery galleryid-0 gallery-columns-5 gallery-size-medium'><figure class='gallery-item'>\n\t\t\t<div class='gallery-icon landscape'>\n\t\t\t\t<img fetchpriority=\"high\" decoding=\"async\" width=\"300\" height=\"300\" src=\"https:\/\/kuwehi.de\/wp-content\/uploads\/2021\/01\/Oelmalerei-Fruechte-Apfel-Quadrat-300x300.jpg\" class=\"attachment-medium size-medium\" alt=\"\" srcset=\"https:\/\/kuwehi.de\/wp-content\/uploads\/2021\/01\/Oelmalerei-Fruechte-Apfel-Quadrat-300x300.jpg 300w, https:\/\/kuwehi.de\/wp-content\/uploads\/2021\/01\/Oelmalerei-Fruechte-Apfel-Quadrat-1024x1024.jpg 1024w, https:\/\/kuwehi.de\/wp-content\/uploads\/2021\/01\/Oelmalerei-Fruechte-Apfel-Quadrat-150x150.jpg 150w, https:\/\/kuwehi.de\/wp-content\/uploads\/2021\/01\/Oelmalerei-Fruechte-Apfel-Quadrat-768x768.jpg 768w, https:\/\/kuwehi.de\/wp-content\/uploads\/2021\/01\/Oelmalerei-Fruechte-Apfel-Quadrat-1536x1536.jpg 1536w, https:\/\/kuwehi.de\/wp-content\/uploads\/2021\/01\/Oelmalerei-Fruechte-Apfel-Quadrat-2048x2048.jpg 2048w, https:\/\/kuwehi.de\/wp-content\/uploads\/2021\/01\/Oelmalerei-Fruechte-Apfel-Quadrat-1600x1600.jpg 1600w\" sizes=\"(max-width: 300px) 100vw, 300px\" \/>\n\t\t\t<\/div><\/figure><figure class='gallery-item'>\n\t\t\t<div class='gallery-icon landscape'>\n\t\t\t\t<img decoding=\"async\" width=\"300\" height=\"300\" src=\"https:\/\/kuwehi.de\/wp-content\/uploads\/2020\/09\/\u00d6lmalen-Quitten2-Quadrat-300x300.jpg\" class=\"attachment-medium size-medium\" alt=\"\" srcset=\"https:\/\/kuwehi.de\/wp-content\/uploads\/2020\/09\/\u00d6lmalen-Quitten2-Quadrat-300x300.jpg 300w, https:\/\/kuwehi.de\/wp-content\/uploads\/2020\/09\/\u00d6lmalen-Quitten2-Quadrat-1024x1024.jpg 1024w, https:\/\/kuwehi.de\/wp-content\/uploads\/2020\/09\/\u00d6lmalen-Quitten2-Quadrat-150x150.jpg 150w, https:\/\/kuwehi.de\/wp-content\/uploads\/2020\/09\/\u00d6lmalen-Quitten2-Quadrat-768x768.jpg 768w, https:\/\/kuwehi.de\/wp-content\/uploads\/2020\/09\/\u00d6lmalen-Quitten2-Quadrat-1536x1536.jpg 1536w, https:\/\/kuwehi.de\/wp-content\/uploads\/2020\/09\/\u00d6lmalen-Quitten2-Quadrat-2048x2048.jpg 2048w, https:\/\/kuwehi.de\/wp-content\/uploads\/2020\/09\/\u00d6lmalen-Quitten2-Quadrat-1600x1600.jpg 1600w\" sizes=\"(max-width: 300px) 100vw, 300px\" \/>\n\t\t\t<\/div><\/figure><figure class='gallery-item'>\n\t\t\t<div class='gallery-icon landscape'>\n\t\t\t\t<img decoding=\"async\" width=\"300\" height=\"300\" src=\"https:\/\/kuwehi.de\/wp-content\/uploads\/2021\/01\/Oelmalerei-Fruechte-Zwiebel-Quadrat-300x300.jpg\" class=\"attachment-medium size-medium\" alt=\"\" srcset=\"https:\/\/kuwehi.de\/wp-content\/uploads\/2021\/01\/Oelmalerei-Fruechte-Zwiebel-Quadrat-300x300.jpg 300w, https:\/\/kuwehi.de\/wp-content\/uploads\/2021\/01\/Oelmalerei-Fruechte-Zwiebel-Quadrat-1024x1024.jpg 1024w, https:\/\/kuwehi.de\/wp-content\/uploads\/2021\/01\/Oelmalerei-Fruechte-Zwiebel-Quadrat-150x150.jpg 150w, https:\/\/kuwehi.de\/wp-content\/uploads\/2021\/01\/Oelmalerei-Fruechte-Zwiebel-Quadrat-768x768.jpg 768w, https:\/\/kuwehi.de\/wp-content\/uploads\/2021\/01\/Oelmalerei-Fruechte-Zwiebel-Quadrat-1536x1536.jpg 1536w, https:\/\/kuwehi.de\/wp-content\/uploads\/2021\/01\/Oelmalerei-Fruechte-Zwiebel-Quadrat-2048x2048.jpg 2048w, https:\/\/kuwehi.de\/wp-content\/uploads\/2021\/01\/Oelmalerei-Fruechte-Zwiebel-Quadrat-1600x1599.jpg 1600w\" sizes=\"(max-width: 300px) 100vw, 300px\" \/>\n\t\t\t<\/div><\/figure><figure class='gallery-item'>\n\t\t\t<div class='gallery-icon portrait'>\n\t\t\t\t<img loading=\"lazy\" decoding=\"async\" width=\"300\" height=\"300\" src=\"https:\/\/kuwehi.de\/wp-content\/uploads\/2021\/01\/Oelmalerei-Fruechte-Birne-Quadrat2-300x300.jpg\" class=\"attachment-medium size-medium\" alt=\"\" srcset=\"https:\/\/kuwehi.de\/wp-content\/uploads\/2021\/01\/Oelmalerei-Fruechte-Birne-Quadrat2-300x300.jpg 300w, https:\/\/kuwehi.de\/wp-content\/uploads\/2021\/01\/Oelmalerei-Fruechte-Birne-Quadrat2-1024x1024.jpg 1024w, https:\/\/kuwehi.de\/wp-content\/uploads\/2021\/01\/Oelmalerei-Fruechte-Birne-Quadrat2-150x150.jpg 150w, https:\/\/kuwehi.de\/wp-content\/uploads\/2021\/01\/Oelmalerei-Fruechte-Birne-Quadrat2-768x768.jpg 768w, https:\/\/kuwehi.de\/wp-content\/uploads\/2021\/01\/Oelmalerei-Fruechte-Birne-Quadrat2-1536x1536.jpg 1536w, https:\/\/kuwehi.de\/wp-content\/uploads\/2021\/01\/Oelmalerei-Fruechte-Birne-Quadrat2-2048x2048.jpg 2048w, https:\/\/kuwehi.de\/wp-content\/uploads\/2021\/01\/Oelmalerei-Fruechte-Birne-Quadrat2-1600x1601.jpg 1600w\" sizes=\"(max-width: 300px) 100vw, 300px\" \/>\n\t\t\t<\/div><\/figure><figure class='gallery-item'>\n\t\t\t<div class='gallery-icon landscape'>\n\t\t\t\t<img loading=\"lazy\" decoding=\"async\" width=\"300\" height=\"300\" src=\"https:\/\/kuwehi.de\/wp-content\/uploads\/2022\/08\/Apfel-Quadrat-300x300.jpg\" class=\"attachment-medium size-medium\" alt=\"\" srcset=\"https:\/\/kuwehi.de\/wp-content\/uploads\/2022\/08\/Apfel-Quadrat-300x300.jpg 300w, https:\/\/kuwehi.de\/wp-content\/uploads\/2022\/08\/Apfel-Quadrat-1024x1024.jpg 1024w, https:\/\/kuwehi.de\/wp-content\/uploads\/2022\/08\/Apfel-Quadrat-150x150.jpg 150w, https:\/\/kuwehi.de\/wp-content\/uploads\/2022\/08\/Apfel-Quadrat-768x768.jpg 768w, https:\/\/kuwehi.de\/wp-content\/uploads\/2022\/08\/Apfel-Quadrat-1536x1536.jpg 1536w, https:\/\/kuwehi.de\/wp-content\/uploads\/2022\/08\/Apfel-Quadrat-2048x2048.jpg 2048w, https:\/\/kuwehi.de\/wp-content\/uploads\/2022\/08\/Apfel-Quadrat-1600x1600.jpg 1600w\" sizes=\"(max-width: 300px) 100vw, 300px\" \/>\n\t\t\t<\/div><\/figure>\n\t\t<\/div>\n\n<p>&nbsp;<\/p>\n<h2><\/h2>\n<h2 style=\"text-align: center;\"><strong><span style=\"font-family: comic sans ms, sans-serif;\">Fr\u00fcchte des Herbstes<\/span><\/strong><\/h2>\n<h4 style=\"text-align: center;\"><strong><span style=\"font-family: comic sans ms, sans-serif;\">Mit Ingrid Kerber<\/span><\/strong><\/h4>\n<h5 style=\"text-align: center;\"><span style=\"font-family: comic sans ms, sans-serif;\">\u201eDie Fr\u00fcchte des Herbstes in ihrer sinnlichen Ausstrahlung laden zum malerischen Gestalten ein, sie<\/span><br \/>\n<span style=\"font-family: comic sans ms, sans-serif;\">inspirieren zum Spielen mit Farbnuancen und der differenzierten Wiedergabe von unterschiedlichen<\/span><br \/>\n<span style=\"font-family: comic sans ms, sans-serif;\">Oberfl\u00e4chenstrukturen von samtig bis gl\u00e4nzend.<\/span><br \/>\n<span style=\"font-family: comic sans ms, sans-serif;\">Anhand von Bildbeispielen aus der Kunstgeschichte vergegenw\u00e4rtigen wir uns zun\u00e4chst verschiedene<\/span><br \/>\n<span style=\"font-family: comic sans ms, sans-serif;\">gestalterische Umsetzungsm\u00f6glichkeiten. Anschlie\u00dfend w\u00e4hlen wir ein favorisiertes Objekt aus und<\/span><br \/>\n<span style=\"font-family: comic sans ms, sans-serif;\">modellieren es mit Kohle in seinen Licht- und Schattenwerten. <\/span><\/h5>\n<h5 style=\"text-align: center;\"><span style=\"font-family: comic sans ms, sans-serif;\">Mittels der geschmeidigen \u00d6lfarben<\/span><br \/>\n<span style=\"font-family: comic sans ms, sans-serif;\">k\u00f6nnen wir dann alle gew\u00fcnschten Farbnuancen anmischen und das Motiv Schritt f\u00fcr Schritt auf einem<\/span><br \/>\n<span style=\"font-family: comic sans ms, sans-serif;\">kleinen Keilrahmen umsetzen. Letzte Kniffe zaubern den 3-D-Effekt.<\/span><br \/>\n<span style=\"font-family: comic sans ms, sans-serif;\">Fr\u00fcchte sind vorhanden, Sie k\u00f6nnen aber auch gerne ein eigenes Lieblingsmodell mitbringen.<\/span><\/h5>\n<h5 style=\"text-align: center;\"><span style=\"font-family: comic sans ms, sans-serif;\">Termin: Samstag, 11. November 2023 von 14:00 bis 17:00 Uhr<\/span><\/h5>\n<h5 style=\"text-align: center;\"><span style=\"font-family: comic sans ms, sans-serif;\">Kosten: 30 Euro (zu \u00fcberweisen) + 5 Euro f\u00fcr Material (im Kurs an die Kursleiterin zu zahlen)<br \/>\n<\/span><\/h5>\n<p>&nbsp;<\/p>","excerpt":"","slug":"fruechte-des-herbstes-im-november-2023","image":false,"all_day":false,"start_date":"2023-11-11 14:00:00","start_date_details":{"year":"2023","month":"11","day":"11","hour":"14","minutes":"00","seconds":"00"},"end_date":"2023-11-11 17:00:00","end_date_details":{"year":"2023","month":"11","day":"11","hour":"17","minutes":"00","seconds":"00"},"utc_start_date":"2023-11-11 13:00:00","utc_start_date_details":{"year":"2023","month":"11","day":"11","hour":"13","minutes":"00","seconds":"00"},"utc_end_date":"2023-11-11 16:00:00","utc_end_date_details":{"year":"2023","month":"11","day":"11","hour":"16","minutes":"00","seconds":"00"},"timezone":"Europe\/Berlin","timezone_abbr":"CET","cost":"","cost_details":{"currency_symbol":"30,00 \u20ac","currency_code":"","currency_position":"prefix","values":[]},"website":"","show_map":true,"show_map_link":true,"hide_from_listings":false,"sticky":false,"featured":false,"categories":[],"tags":[],"venue":{"id":488,"author":"1","status":"publish","date":"2020-04-18 16:48:27","date_utc":"2020-04-18 16:48:27","modified":"2026-02-27 12:21:59","modified_utc":"2026-02-27 11:21:59","url":"https:\/\/kuwehi.de\/?tribe_venue=kulturwerkstatt-hiddenhausen","venue":"Kulturwerkstatt Hiddenhausen","slug":"kulturwerkstatt-hiddenhausen","address":"Sonntagstra\u00dfe 11","city":"Hiddenhausen","zip":"32120","phone":"05223\/9859880","json_ld":{"@type":"Place","name":"Kulturwerkstatt Hiddenhausen","description":"","url":"","address":{"@type":"PostalAddress","streetAddress":"Sonntagstra\u00dfe 11","addressLocality":"Hiddenhausen","postalCode":"32120"},"telephone":"05223\/9859880","sameAs":""},"show_map":true,"show_map_link":true,"global_id":"kuwehi.de?id=488","global_id_lineage":["kuwehi.de?id=488"]},"organizer":[{"id":489,"author":"1","status":"publish","date":"2020-04-18 16:48:27","date_utc":"2020-04-18 16:48:27","modified":"2022-03-28 18:42:48","modified_utc":"2022-03-28 16:42:48","url":"https:\/\/kuwehi.de\/?tribe_organizer=kulurwerkstatt-hiddenhausen-e-v","organizer":"KulturWerkstatt Hiddenhausen e.V.","slug":"kulurwerkstatt-hiddenhausen-e-v","phone":"05223\/9859880","website":"www.kuwehi.de","email":"info@kuwehi.de","json_ld":{"@type":"Person","name":"KulturWerkstatt Hiddenhausen e.V.","description":"","url":"http:\/\/www.kuwehi.de","telephone":"05223\/9859880","email":"&#105;n&#102;o&#64;ku&#119;&#101;hi.&#100;e","sameAs":"http:\/\/www.kuwehi.de"},"global_id":"kuwehi.de?id=489","global_id_lineage":["kuwehi.de?id=489"]}],"custom_fields":[],"json_ld":{"@context":"http:\/\/schema.org","@type":"Event","name":"Fr\u00fcchte des Herbstes im November 2023","description":"&lt;p&gt;&nbsp; &nbsp; Fr\u00fcchte des Herbstes Mit Ingrid Kerber \u201eDie Fr\u00fcchte des Herbstes in ihrer sinnlichen Ausstrahlung laden zum malerischen Gestalten&hellip;&lt;\/p&gt;\\n","url":"https:\/\/kuwehi.de\/?tribe_events=fruechte-des-herbstes-im-november-2023","eventAttendanceMode":"https:\/\/schema.org\/OfflineEventAttendanceMode","eventStatus":"https:\/\/schema.org\/EventScheduled","startDate":"2023-11-11T14:00:00+01:00","endDate":"2023-11-11T17:00:00+01:00","location":{"@type":"Place","name":"Kulturwerkstatt Hiddenhausen","description":"","url":"","address":{"@type":"PostalAddress","streetAddress":"Sonntagstra\u00dfe 11","addressLocality":"Hiddenhausen","postalCode":"32120"},"telephone":"05223\/9859880","sameAs":""},"organizer":{"@type":"Person","name":"KulturWerkstatt Hiddenhausen e.V.","description":"","url":"http:\/\/www.kuwehi.de","telephone":"05223\/9859880","email":"in&#102;&#111;&#64;kuw&#101;hi.d&#101;","sameAs":"http:\/\/www.kuwehi.de"},"performer":"Organization"},"ticketed":false}