{"id":7239,"global_id":"kuwehi.de?id=7239","global_id_lineage":["kuwehi.de?id=7239"],"author":"1","status":"publish","date":"2023-05-10 19:44:56","date_utc":"2023-05-10 17:44:56","modified":"2023-05-10 20:15:08","modified_utc":"2023-05-10 18:15:08","url":"https:\/\/kuwehi.de\/?tribe_events=ausstellung-unserer-kursleiterin-ingrid-kerber-im-rathaus-hiddenhausen","rest_url":"https:\/\/kuwehi.de\/index.php?rest_route=\/tribe\/events\/v1\/events\/7239","title":"Ausstellung unserer Kursleiterin Ingrid Kerber im Rathaus Hiddenhausen","description":"<h2 style=\"text-align: center;\">Zur Er\u00f6ffnung der Ausstellung laden wir Sie und Ihre Freundinnen und Freunde herzlich ein.<\/h2>\n<p><img fetchpriority=\"high\" decoding=\"async\" class=\"alignleft wp-image-7240 size-full\" src=\"https:\/\/kuwehi.de\/wp-content\/uploads\/2023\/05\/Screenshot-2023-05-10-192051.png\" alt=\"\" width=\"559\" height=\"793\" srcset=\"https:\/\/kuwehi.de\/wp-content\/uploads\/2023\/05\/Screenshot-2023-05-10-192051.png 559w, https:\/\/kuwehi.de\/wp-content\/uploads\/2023\/05\/Screenshot-2023-05-10-192051-211x300.png 211w, https:\/\/kuwehi.de\/wp-content\/uploads\/2023\/05\/Screenshot-2023-05-10-192051-106x150.png 106w\" sizes=\"(max-width: 559px) 100vw, 559px\" \/><\/p>\n<p>&nbsp;<\/p>\n<p>&nbsp;<\/p>\n<h4><\/h4>\n<h4><\/h4>\n<h4><span style=\"font-family: georgia, palatino;\">Freitag, 26.5.2023 \u2219 19 Uhr <\/span><\/h4>\n<h4><span style=\"font-family: georgia, palatino;\">Gemeinde Hiddenhausen \u2219 Rathausstra\u00dfe 1 \u2219 32120 Hiddenhausen<\/span><\/h4>\n<h4><span style=\"font-family: georgia, palatino;\">Begr\u00fc\u00dfung: Andreas H\u00fcffmann, B\u00fcrgermeister\u00a0 <\/span><\/h4>\n<h4><span style=\"font-family: georgia, palatino;\">Musik: Das musikalische Rahmenprogramm wird gestaltet von Stefanie Pabel (NWD; Englischhorn) und Angelina Pabel (Oboe).<\/span><\/h4>","excerpt":"","slug":"ausstellung-unserer-kursleiterin-ingrid-kerber-im-rathaus-hiddenhausen","image":{"url":"https:\/\/kuwehi.de\/wp-content\/uploads\/2023\/05\/Screenshot-2023-05-10-191608.png","id":7249,"extension":"png","width":873,"height":408,"filesize":492962,"sizes":{"medium":{"width":300,"height":140,"mime-type":"image\/png","filesize":68749,"url":"https:\/\/kuwehi.de\/wp-content\/uploads\/2023\/05\/Screenshot-2023-05-10-191608-300x140.png"},"thumbnail":{"width":150,"height":70,"mime-type":"image\/png","filesize":20492,"url":"https:\/\/kuwehi.de\/wp-content\/uploads\/2023\/05\/Screenshot-2023-05-10-191608-150x70.png"},"medium_large":{"width":768,"height":359,"mime-type":"image\/png","filesize":337723,"url":"https:\/\/kuwehi.de\/wp-content\/uploads\/2023\/05\/Screenshot-2023-05-10-191608-768x359.png"}}},"all_day":false,"start_date":"2023-05-26 19:00:00","start_date_details":{"year":"2023","month":"05","day":"26","hour":"19","minutes":"00","seconds":"00"},"end_date":"2023-05-26 20:00:00","end_date_details":{"year":"2023","month":"05","day":"26","hour":"20","minutes":"00","seconds":"00"},"utc_start_date":"2023-05-26 17:00:00","utc_start_date_details":{"year":"2023","month":"05","day":"26","hour":"17","minutes":"00","seconds":"00"},"utc_end_date":"2023-05-26 18:00:00","utc_end_date_details":{"year":"2023","month":"05","day":"26","hour":"18","minutes":"00","seconds":"00"},"timezone":"Europe\/Berlin","timezone_abbr":"CEST","cost":"","cost_details":{"currency_symbol":"","currency_code":"","currency_position":"prefix","values":[]},"website":"","show_map":true,"show_map_link":true,"hide_from_listings":false,"sticky":false,"featured":false,"categories":[],"tags":[{"name":"Ausstellung","slug":"ausstellung","term_group":0,"term_taxonomy_id":114,"taxonomy":"post_tag","description":"","parent":0,"count":1,"filter":"raw","id":114,"urls":{"self":"https:\/\/kuwehi.de\/index.php?rest_route=\/tribe\/events\/v1\/tags\/114","collection":"https:\/\/kuwehi.de\/index.php?rest_route=\/tribe\/events\/v1\/tags"}},{"name":"Farbe im Garten","slug":"farbe-im-garten","term_group":0,"term_taxonomy_id":113,"taxonomy":"post_tag","description":"","parent":0,"count":1,"filter":"raw","id":113,"urls":{"self":"https:\/\/kuwehi.de\/index.php?rest_route=\/tribe\/events\/v1\/tags\/113","collection":"https:\/\/kuwehi.de\/index.php?rest_route=\/tribe\/events\/v1\/tags"}},{"name":"Ingrid Kerber","slug":"ingrid-kerber","term_group":0,"term_taxonomy_id":115,"taxonomy":"post_tag","description":"","parent":0,"count":1,"filter":"raw","id":115,"urls":{"self":"https:\/\/kuwehi.de\/index.php?rest_route=\/tribe\/events\/v1\/tags\/115","collection":"https:\/\/kuwehi.de\/index.php?rest_route=\/tribe\/events\/v1\/tags"}},{"name":"Pabel","slug":"pabel","term_group":0,"term_taxonomy_id":116,"taxonomy":"post_tag","description":"","parent":0,"count":1,"filter":"raw","id":116,"urls":{"self":"https:\/\/kuwehi.de\/index.php?rest_route=\/tribe\/events\/v1\/tags\/116","collection":"https:\/\/kuwehi.de\/index.php?rest_route=\/tribe\/events\/v1\/tags"}}],"venue":{"id":7243,"author":"1","status":"publish","date":"2023-05-10 19:44:56","date_utc":"2023-05-10 17:44:56","modified":"2023-05-10 19:44:56","modified_utc":"2023-05-10 17:44:56","url":"https:\/\/kuwehi.de\/?tribe_venue=rataus-hiddenausen","venue":"Rataus Hiddenausen","slug":"rataus-hiddenausen","address":"Rathausstra\u00dfe 1","city":"Hiddenhausen","zip":"32120","website":"https:\/\/www.hiddenhausen.de\/Kultur\/Kultur-in-der-Provinz\/Hiddenhausen-FARBE-IM-GARTEN-Ausstellungserffnung-INGRID-KERBER.php?object=tx,2483.4&ModID=11&FID=2483.796.1&NavID=2483.107&La=1","json_ld":{"@type":"Place","name":"Rataus Hiddenausen","description":"","url":"","address":{"@type":"PostalAddress","streetAddress":"Rathausstra\u00dfe 1","addressLocality":"Hiddenhausen","postalCode":"32120"},"telephone":"","sameAs":"https:\/\/www.hiddenhausen.de\/Kultur\/Kultur-in-der-Provinz\/Hiddenhausen-FARBE-IM-GARTEN-Ausstellungserffnung-INGRID-KERBER.php?object=tx,2483.4&ModID=11&FID=2483.796.1&NavID=2483.107&La=1"},"show_map":true,"show_map_link":true,"global_id":"kuwehi.de?id=7243","global_id_lineage":["kuwehi.de?id=7243"]},"organizer":[],"custom_fields":[],"json_ld":{"@context":"http:\/\/schema.org","@type":"Event","name":"Ausstellung unserer Kursleiterin Ingrid Kerber im Rathaus Hiddenhausen","description":"&lt;p&gt;Zur Er\u00f6ffnung der Ausstellung laden wir Sie und Ihre Freundinnen und Freunde herzlich ein. &nbsp; &nbsp; Freitag, 26.5.2023 \u2219 19&hellip;&lt;\/p&gt;\\n","image":"https:\/\/kuwehi.de\/wp-content\/uploads\/2023\/05\/Screenshot-2023-05-10-191608.png","url":"https:\/\/kuwehi.de\/?tribe_events=ausstellung-unserer-kursleiterin-ingrid-kerber-im-rathaus-hiddenhausen","eventAttendanceMode":"https:\/\/schema.org\/OfflineEventAttendanceMode","eventStatus":"https:\/\/schema.org\/EventScheduled","startDate":"2023-05-26T19:00:00+02:00","endDate":"2023-05-26T20:00:00+02:00","location":{"@type":"Place","name":"Rataus Hiddenausen","description":"","url":"","address":{"@type":"PostalAddress","streetAddress":"Rathausstra\u00dfe 1","addressLocality":"Hiddenhausen","postalCode":"32120"},"telephone":"","sameAs":"https:\/\/www.hiddenhausen.de\/Kultur\/Kultur-in-der-Provinz\/Hiddenhausen-FARBE-IM-GARTEN-Ausstellungserffnung-INGRID-KERBER.php?object=tx,2483.4&ModID=11&FID=2483.796.1&NavID=2483.107&La=1"},"performer":"Organization"},"ticketed":false}