{"id":7081,"global_id":"kuwehi.de?id=7081","global_id_lineage":["kuwehi.de?id=7081"],"author":"1","status":"publish","date":"2023-04-13 19:05:41","date_utc":"2023-04-13 17:05:41","modified":"2023-07-30 18:13:06","modified_utc":"2023-07-30 16:13:06","url":"https:\/\/kuwehi.de\/?tribe_events=farbe-im-garten","rest_url":"https:\/\/kuwehi.de\/index.php?rest_route=\/tribe\/events\/v1\/events\/7081","title":"Farbe im Garten","description":"<div id='gallery-1' class='gallery galleryid-0 gallery-columns-3 gallery-size-large'><figure class='gallery-item'>\n\t\t\t<div class='gallery-icon landscape'>\n\t\t\t\t<img fetchpriority=\"high\" decoding=\"async\" width=\"688\" height=\"459\" src=\"https:\/\/kuwehi.de\/wp-content\/uploads\/2023\/07\/P1000979-1024x683.jpg\" class=\"attachment-large size-large\" alt=\"\" srcset=\"https:\/\/kuwehi.de\/wp-content\/uploads\/2023\/07\/P1000979-1024x683.jpg 1024w, https:\/\/kuwehi.de\/wp-content\/uploads\/2023\/07\/P1000979-300x200.jpg 300w, https:\/\/kuwehi.de\/wp-content\/uploads\/2023\/07\/P1000979-150x100.jpg 150w, https:\/\/kuwehi.de\/wp-content\/uploads\/2023\/07\/P1000979-768x512.jpg 768w, https:\/\/kuwehi.de\/wp-content\/uploads\/2023\/07\/P1000979-1536x1024.jpg 1536w, https:\/\/kuwehi.de\/wp-content\/uploads\/2023\/07\/P1000979-2048x1365.jpg 2048w, https:\/\/kuwehi.de\/wp-content\/uploads\/2023\/07\/P1000979-1600x1067.jpg 1600w\" sizes=\"(max-width: 688px) 100vw, 688px\" \/>\n\t\t\t<\/div><\/figure><figure class='gallery-item'>\n\t\t\t<div class='gallery-icon landscape'>\n\t\t\t\t<img decoding=\"async\" width=\"688\" height=\"449\" src=\"https:\/\/kuwehi.de\/wp-content\/uploads\/2023\/04\/Sommerwiese-Rechteck-bearbeitet1-1024x669.jpg\" class=\"attachment-large size-large\" alt=\"\" srcset=\"https:\/\/kuwehi.de\/wp-content\/uploads\/2023\/04\/Sommerwiese-Rechteck-bearbeitet1-1024x669.jpg 1024w, https:\/\/kuwehi.de\/wp-content\/uploads\/2023\/04\/Sommerwiese-Rechteck-bearbeitet1-300x196.jpg 300w, https:\/\/kuwehi.de\/wp-content\/uploads\/2023\/04\/Sommerwiese-Rechteck-bearbeitet1-150x98.jpg 150w, https:\/\/kuwehi.de\/wp-content\/uploads\/2023\/04\/Sommerwiese-Rechteck-bearbeitet1-768x501.jpg 768w, https:\/\/kuwehi.de\/wp-content\/uploads\/2023\/04\/Sommerwiese-Rechteck-bearbeitet1-1536x1003.jpg 1536w, https:\/\/kuwehi.de\/wp-content\/uploads\/2023\/04\/Sommerwiese-Rechteck-bearbeitet1-2048x1337.jpg 2048w, https:\/\/kuwehi.de\/wp-content\/uploads\/2023\/04\/Sommerwiese-Rechteck-bearbeitet1-1600x1045.jpg 1600w\" sizes=\"(max-width: 688px) 100vw, 688px\" \/>\n\t\t\t<\/div><\/figure><figure class='gallery-item'>\n\t\t\t<div class='gallery-icon landscape'>\n\t\t\t\t<img decoding=\"async\" width=\"688\" height=\"459\" src=\"https:\/\/kuwehi.de\/wp-content\/uploads\/2023\/04\/Auf-den-Spuren-Monets-1-Rechteck-1024x683.jpg\" class=\"attachment-large size-large\" alt=\"\" srcset=\"https:\/\/kuwehi.de\/wp-content\/uploads\/2023\/04\/Auf-den-Spuren-Monets-1-Rechteck-1024x683.jpg 1024w, https:\/\/kuwehi.de\/wp-content\/uploads\/2023\/04\/Auf-den-Spuren-Monets-1-Rechteck-300x200.jpg 300w, https:\/\/kuwehi.de\/wp-content\/uploads\/2023\/04\/Auf-den-Spuren-Monets-1-Rechteck-150x100.jpg 150w, https:\/\/kuwehi.de\/wp-content\/uploads\/2023\/04\/Auf-den-Spuren-Monets-1-Rechteck-768x512.jpg 768w, https:\/\/kuwehi.de\/wp-content\/uploads\/2023\/04\/Auf-den-Spuren-Monets-1-Rechteck-1536x1024.jpg 1536w, https:\/\/kuwehi.de\/wp-content\/uploads\/2023\/04\/Auf-den-Spuren-Monets-1-Rechteck-2048x1366.jpg 2048w, https:\/\/kuwehi.de\/wp-content\/uploads\/2023\/04\/Auf-den-Spuren-Monets-1-Rechteck-1600x1067.jpg 1600w\" sizes=\"(max-width: 688px) 100vw, 688px\" \/>\n\t\t\t<\/div><\/figure>\n\t\t<\/div>\n\n<p>&nbsp;<\/p>\n<h2><\/h2>\n<h2 style=\"text-align: center;\"><strong><span style=\"font-family: comic sans ms, sans-serif;\">FARBE IM GARTEN<\/span><\/strong><\/h2>\n<h4 style=\"text-align: center;\"><span style=\"font-family: comic sans ms, sans-serif;\"><strong>mit Ingrid Kerber<\/strong><\/span><\/h4>\n<h5 style=\"text-align: center;\"><span style=\"font-family: comic sans ms, sans-serif;\">Wenn der Sommer sich neigt, weicht die Bl\u00fctenf\u00fclle ersten Hagebutten und wenigen Blumen in daf\u00fcr<\/span><br \/>\n<span style=\"font-family: comic sans ms, sans-serif;\">umso satteren reifen Farben: hier haben besonders die Rot- und Violett-T\u00f6ne ihren Auftritt!<\/span><br \/>\n<span style=\"font-family: comic sans ms, sans-serif;\">Diese geb\u00fcndelte Farbkraft kann uns zu freien Impressionen wie auch zu charakteristischer<\/span><br \/>\n<span style=\"font-family: comic sans ms, sans-serif;\">Bl\u00fctendarstellung inspirieren. Wir malen mit leicht vermischbaren pastosen Gouache-Farben auf Papier<\/span><br \/>\n<span style=\"font-family: comic sans ms, sans-serif;\">und grundierter Pappe.<\/span><\/h5>\n<h5 style=\"text-align: center;\"><span style=\"font-family: comic sans ms, sans-serif;\">Kosten: 30 Euro (bitte \u00fcberweisen) + 5 Euro Materialkosten (bitte im Kurs an die Kursleiterin zahlen)<\/span><\/h5>\n<h5 style=\"text-align: center;\"><span style=\"font-family: comic sans ms, sans-serif;\">Termin: Samstag, 09. September 2023 von 14:00 bis 17:00 Uhr<\/span><\/h5>\n<p>&nbsp;<\/p>","excerpt":"","slug":"farbe-im-garten","image":false,"all_day":false,"start_date":"2023-09-09 14:00:00","start_date_details":{"year":"2023","month":"09","day":"09","hour":"14","minutes":"00","seconds":"00"},"end_date":"2023-09-09 17:00:00","end_date_details":{"year":"2023","month":"09","day":"09","hour":"17","minutes":"00","seconds":"00"},"utc_start_date":"2023-09-09 12:00:00","utc_start_date_details":{"year":"2023","month":"09","day":"09","hour":"12","minutes":"00","seconds":"00"},"utc_end_date":"2023-09-09 15:00:00","utc_end_date_details":{"year":"2023","month":"09","day":"09","hour":"15","minutes":"00","seconds":"00"},"timezone":"Europe\/Berlin","timezone_abbr":"CEST","cost":"","cost_details":{"currency_symbol":"30,00 \u20ac","currency_code":"","currency_position":"prefix","values":[]},"website":"","show_map":true,"show_map_link":true,"hide_from_listings":false,"sticky":false,"featured":false,"categories":[],"tags":[],"venue":{"id":488,"author":"1","status":"publish","date":"2020-04-18 16:48:27","date_utc":"2020-04-18 16:48:27","modified":"2026-02-27 12:21:59","modified_utc":"2026-02-27 11:21:59","url":"https:\/\/kuwehi.de\/?tribe_venue=kulturwerkstatt-hiddenhausen","venue":"Kulturwerkstatt Hiddenhausen","slug":"kulturwerkstatt-hiddenhausen","address":"Sonntagstra\u00dfe 11","city":"Hiddenhausen","zip":"32120","phone":"05223\/9859880","json_ld":{"@type":"Place","name":"Kulturwerkstatt Hiddenhausen","description":"","url":"","address":{"@type":"PostalAddress","streetAddress":"Sonntagstra\u00dfe 11","addressLocality":"Hiddenhausen","postalCode":"32120"},"telephone":"05223\/9859880","sameAs":""},"show_map":true,"show_map_link":true,"global_id":"kuwehi.de?id=488","global_id_lineage":["kuwehi.de?id=488"]},"organizer":[{"id":489,"author":"1","status":"publish","date":"2020-04-18 16:48:27","date_utc":"2020-04-18 16:48:27","modified":"2022-03-28 18:42:48","modified_utc":"2022-03-28 16:42:48","url":"https:\/\/kuwehi.de\/?tribe_organizer=kulurwerkstatt-hiddenhausen-e-v","organizer":"KulturWerkstatt Hiddenhausen e.V.","slug":"kulurwerkstatt-hiddenhausen-e-v","phone":"05223\/9859880","website":"www.kuwehi.de","email":"info@kuwehi.de","json_ld":{"@type":"Person","name":"KulturWerkstatt Hiddenhausen e.V.","description":"","url":"http:\/\/www.kuwehi.de","telephone":"05223\/9859880","email":"&#105;&#110;&#102;o&#64;&#107;u&#119;e&#104;i&#46;d&#101;","sameAs":"http:\/\/www.kuwehi.de"},"global_id":"kuwehi.de?id=489","global_id_lineage":["kuwehi.de?id=489"]}],"custom_fields":[],"json_ld":{"@context":"http:\/\/schema.org","@type":"Event","name":"Farbe im Garten","description":"&lt;p&gt;&nbsp; FARBE IM GARTEN mit Ingrid Kerber Wenn der Sommer sich neigt, weicht die Bl\u00fctenf\u00fclle ersten Hagebutten und wenigen Blumen&hellip;&lt;\/p&gt;\\n","url":"https:\/\/kuwehi.de\/?tribe_events=farbe-im-garten","eventAttendanceMode":"https:\/\/schema.org\/OfflineEventAttendanceMode","eventStatus":"https:\/\/schema.org\/EventScheduled","startDate":"2023-09-09T14:00:00+02:00","endDate":"2023-09-09T17:00:00+02:00","location":{"@type":"Place","name":"Kulturwerkstatt Hiddenhausen","description":"","url":"","address":{"@type":"PostalAddress","streetAddress":"Sonntagstra\u00dfe 11","addressLocality":"Hiddenhausen","postalCode":"32120"},"telephone":"05223\/9859880","sameAs":""},"organizer":{"@type":"Person","name":"KulturWerkstatt Hiddenhausen e.V.","description":"","url":"http:\/\/www.kuwehi.de","telephone":"05223\/9859880","email":"&#105;n&#102;o&#64;&#107;uwe&#104;i&#46;de","sameAs":"http:\/\/www.kuwehi.de"},"performer":"Organization"},"ticketed":false}