{"id":6501,"global_id":"kuwehi.de?id=6501","global_id_lineage":["kuwehi.de?id=6501"],"author":"1","status":"publish","date":"2023-01-20 11:15:27","date_utc":"2023-01-20 10:15:27","modified":"2023-02-08 11:30:26","modified_utc":"2023-02-08 10:30:26","url":"https:\/\/kuwehi.de\/?tribe_events=farberleben-in-blau-und-rot","rest_url":"https:\/\/kuwehi.de\/index.php?rest_route=\/tribe\/events\/v1\/events\/6501","title":"Farberleben in Blau und Rot","description":"<h1 style=\"text-align: center;\">Farberleben in Blau und Rot<\/h1>\n<h3 style=\"text-align: center;\">Mit Ingrid Kerber<\/h3>\n<p><img decoding=\"async\" class=\"alignleft wp-image-6503\" src=\"https:\/\/kuwehi.de\/wp-content\/uploads\/2023\/01\/P10007133-150x100.jpg\" alt=\"\" width=\"255\" height=\"170\" srcset=\"https:\/\/kuwehi.de\/wp-content\/uploads\/2023\/01\/P10007133-150x100.jpg 150w, https:\/\/kuwehi.de\/wp-content\/uploads\/2023\/01\/P10007133-300x200.jpg 300w, https:\/\/kuwehi.de\/wp-content\/uploads\/2023\/01\/P10007133-1024x683.jpg 1024w, https:\/\/kuwehi.de\/wp-content\/uploads\/2023\/01\/P10007133-768x512.jpg 768w, https:\/\/kuwehi.de\/wp-content\/uploads\/2023\/01\/P10007133-1536x1024.jpg 1536w, https:\/\/kuwehi.de\/wp-content\/uploads\/2023\/01\/P10007133-2048x1365.jpg 2048w, https:\/\/kuwehi.de\/wp-content\/uploads\/2023\/01\/P10007133-1600x1067.jpg 1600w\" sizes=\"(max-width: 255px) 100vw, 255px\" \/><img decoding=\"async\" class=\"alignright wp-image-6502\" src=\"https:\/\/kuwehi.de\/wp-content\/uploads\/2023\/01\/P10007112-150x100.jpg\" alt=\"\" width=\"255\" height=\"170\" srcset=\"https:\/\/kuwehi.de\/wp-content\/uploads\/2023\/01\/P10007112-150x100.jpg 150w, https:\/\/kuwehi.de\/wp-content\/uploads\/2023\/01\/P10007112-300x200.jpg 300w, https:\/\/kuwehi.de\/wp-content\/uploads\/2023\/01\/P10007112-1024x683.jpg 1024w, https:\/\/kuwehi.de\/wp-content\/uploads\/2023\/01\/P10007112-768x512.jpg 768w, https:\/\/kuwehi.de\/wp-content\/uploads\/2023\/01\/P10007112-1536x1024.jpg 1536w, https:\/\/kuwehi.de\/wp-content\/uploads\/2023\/01\/P10007112-2048x1365.jpg 2048w, https:\/\/kuwehi.de\/wp-content\/uploads\/2023\/01\/P10007112-1600x1067.jpg 1600w\" sizes=\"(max-width: 255px) 100vw, 255px\" \/><\/p>\n<p>&nbsp;<\/p>\n<h5><\/h5>\n<h5><\/h5>\n<h5><\/h5>\n<p>&nbsp;<\/p>\n<p>&nbsp;<\/p>\n<h5><\/h5>\n<p>&nbsp;<\/p>\n<h5 style=\"text-align: center;\">Eingestimmt durch Bildbeispiele k\u00f6nnen wir uns diesen so unterschiedlichen Farbwelten \u00f6ffnen.<\/h5>\n<h5 style=\"text-align: center;\">In der Vision der &#8218;blauen Blume&#8216; , diesem ikonischen Symbol der Romantik einerseits, wie auch im Traum von der &#8218;roten Blume&#8216; im M\u00e4rchen andererseits, findet sich das jeweils Charakteristische verdichtet. Wir malen thematisch bezogen mit flie\u00dfenden Aquarellfarben in der Na\u00df-in Na\u00df-Technik, die in sehr direkter Weise in die Farbstimmungen hineinf\u00fchrt.<\/h5>\n<h5 style=\"text-align: center;\">Der Kurs findet am Samstag, den 18. Februar 2023<\/h5>\n<h5 style=\"text-align: center;\">in der Zeit von 14:00 &#8211; 17:00 Uhr statt.<\/h5>\n<h5 style=\"text-align: center;\">Kursgeb\u00fchr: 30 Euro (bitte \u00fcberweisen) + 3 Euro Materialkosten (bitte im Kurs bezahlen)<\/h5>","excerpt":"","slug":"farberleben-in-blau-und-rot","image":false,"all_day":false,"start_date":"2023-02-18 14:00:00","start_date_details":{"year":"2023","month":"02","day":"18","hour":"14","minutes":"00","seconds":"00"},"end_date":"2023-02-18 17:00:00","end_date_details":{"year":"2023","month":"02","day":"18","hour":"17","minutes":"00","seconds":"00"},"utc_start_date":"2023-02-18 13:00:00","utc_start_date_details":{"year":"2023","month":"02","day":"18","hour":"13","minutes":"00","seconds":"00"},"utc_end_date":"2023-02-18 16:00:00","utc_end_date_details":{"year":"2023","month":"02","day":"18","hour":"16","minutes":"00","seconds":"00"},"timezone":"Europe\/Berlin","timezone_abbr":"CET","cost":"","cost_details":{"currency_symbol":"30,00 \u20ac","currency_code":"","currency_position":"prefix","values":[]},"website":"","show_map":true,"show_map_link":true,"hide_from_listings":false,"sticky":false,"featured":false,"categories":[],"tags":[],"venue":{"id":488,"author":"1","status":"publish","date":"2020-04-18 16:48:27","date_utc":"2020-04-18 16:48:27","modified":"2026-02-27 12:21:59","modified_utc":"2026-02-27 11:21:59","url":"https:\/\/kuwehi.de\/?tribe_venue=kulturwerkstatt-hiddenhausen","venue":"Kulturwerkstatt Hiddenhausen","slug":"kulturwerkstatt-hiddenhausen","address":"Sonntagstra\u00dfe 11","city":"Hiddenhausen","zip":"32120","phone":"05223\/9859880","json_ld":{"@type":"Place","name":"Kulturwerkstatt Hiddenhausen","description":"","url":"","address":{"@type":"PostalAddress","streetAddress":"Sonntagstra\u00dfe 11","addressLocality":"Hiddenhausen","postalCode":"32120"},"telephone":"05223\/9859880","sameAs":""},"show_map":true,"show_map_link":true,"global_id":"kuwehi.de?id=488","global_id_lineage":["kuwehi.de?id=488"]},"organizer":[{"id":489,"author":"1","status":"publish","date":"2020-04-18 16:48:27","date_utc":"2020-04-18 16:48:27","modified":"2022-03-28 18:42:48","modified_utc":"2022-03-28 16:42:48","url":"https:\/\/kuwehi.de\/?tribe_organizer=kulurwerkstatt-hiddenhausen-e-v","organizer":"KulturWerkstatt Hiddenhausen e.V.","slug":"kulurwerkstatt-hiddenhausen-e-v","phone":"05223\/9859880","website":"www.kuwehi.de","email":"info@kuwehi.de","json_ld":{"@type":"Person","name":"KulturWerkstatt Hiddenhausen e.V.","description":"","url":"http:\/\/www.kuwehi.de","telephone":"05223\/9859880","email":"&#105;nf&#111;&#64;&#107;&#117;&#119;eh&#105;&#46;d&#101;","sameAs":"http:\/\/www.kuwehi.de"},"global_id":"kuwehi.de?id=489","global_id_lineage":["kuwehi.de?id=489"]}],"custom_fields":[],"json_ld":{"@context":"http:\/\/schema.org","@type":"Event","name":"Farberleben in Blau und Rot","description":"&lt;p&gt;Farberleben in Blau und Rot Mit Ingrid Kerber &nbsp; &nbsp; &nbsp; &nbsp; Eingestimmt durch Bildbeispiele k\u00f6nnen wir uns diesen so&hellip;&lt;\/p&gt;\\n","url":"https:\/\/kuwehi.de\/?tribe_events=farberleben-in-blau-und-rot","eventAttendanceMode":"https:\/\/schema.org\/OfflineEventAttendanceMode","eventStatus":"https:\/\/schema.org\/EventScheduled","startDate":"2023-02-18T14:00:00+01:00","endDate":"2023-02-18T17:00:00+01:00","location":{"@type":"Place","name":"Kulturwerkstatt Hiddenhausen","description":"","url":"","address":{"@type":"PostalAddress","streetAddress":"Sonntagstra\u00dfe 11","addressLocality":"Hiddenhausen","postalCode":"32120"},"telephone":"05223\/9859880","sameAs":""},"organizer":{"@type":"Person","name":"KulturWerkstatt Hiddenhausen e.V.","description":"","url":"http:\/\/www.kuwehi.de","telephone":"05223\/9859880","email":"i&#110;fo&#64;&#107;&#117;w&#101;&#104;&#105;&#46;&#100;&#101;","sameAs":"http:\/\/www.kuwehi.de"},"performer":"Organization"},"ticketed":false}