{"id":11371,"global_id":"kuwehi.de?id=11371","global_id_lineage":["kuwehi.de?id=11371"],"author":"1","status":"publish","date":"2026-03-27 10:43:04","date_utc":"2026-03-27 09:43:04","modified":"2026-03-27 11:04:09","modified_utc":"2026-03-27 10:04:09","url":"https:\/\/kuwehi.de\/?tribe_events=samstagswerkstatt-gemeinsam-herbstliches-filzen","rest_url":"https:\/\/kuwehi.de\/index.php?rest_route=\/tribe\/events\/v1\/events\/11371","title":"Samstagswerkstatt gemeinsam: Herbstliches Filzen","description":"<h1 style=\"text-align: center;\">Samstagswerkstatt gemeinsam: Herbstliches Filzen<br \/>\n(f\u00fcr Kinder ab 6 Jahren)<\/h1>\n<h3 style=\"text-align: center;\">Mit Andrea Mallwitz-Jander<\/h3>\n<h5 style=\"text-align: center;\">M\u00e4use im Apfelversteck, Igel im Herbstlaub oder Kastanien und Eicheln\u2026\u2026von der Natur inspiriert ist<br \/>\nalles m\u00f6glich. Mit der Nassfilztechnik entstehen wundersch\u00f6ne Filzobjekte, egal ob Anf\u00e4nger*innen<br \/>\noder Fortgeschrittene. F\u00fcr jeden ist etwas Passendes dabei.<\/h5>\n<h5 style=\"text-align: center;\">Familienangebot mit Kindern ab 6 Jahren.<br \/>\nKinder ohne Begleitung ab 8 J.<\/h5>\n<h3 style=\"text-align: center;\">\u00a0 Termin: Samstag, 26.09.2026<br \/>\nUhrzeit: 10:00 &#8211; 12:30 Uhr<\/h3>\n<h5 style=\"text-align: center;\">Kosten f\u00fcr Kinder: 6 \u20ac<\/h5>\n<h5 style=\"text-align: center;\">Kosten f\u00fcr Erwachsene: 15 \u20ac<br \/>\n(F\u00fcr eine bessere \u00dcbersicht, bitten wir Sie sich getrennt von ihrem Kind anzumelden.)<\/h5>\n<h5 style=\"text-align: center;\"><img decoding=\"async\" class=\"size-medium wp-image-9639 aligncenter\" src=\"https:\/\/kuwehi.de\/wp-content\/uploads\/2024\/11\/Osthushenrich-Stiftung_logo_rgb_300-300x160.jpg\" sizes=\"(max-width: 300px) 100vw, 300px\" srcset=\"https:\/\/kuwehi.de\/wp-content\/uploads\/2024\/11\/Osthushenrich-Stiftung_logo_rgb_300-300x160.jpg 300w, https:\/\/kuwehi.de\/wp-content\/uploads\/2024\/11\/Osthushenrich-Stiftung_logo_rgb_300-1024x546.jpg 1024w, https:\/\/kuwehi.de\/wp-content\/uploads\/2024\/11\/Osthushenrich-Stiftung_logo_rgb_300-150x80.jpg 150w, https:\/\/kuwehi.de\/wp-content\/uploads\/2024\/11\/Osthushenrich-Stiftung_logo_rgb_300-768x410.jpg 768w, https:\/\/kuwehi.de\/wp-content\/uploads\/2024\/11\/Osthushenrich-Stiftung_logo_rgb_300-1536x819.jpg 1536w, https:\/\/kuwehi.de\/wp-content\/uploads\/2024\/11\/Osthushenrich-Stiftung_logo_rgb_300-2048x1092.jpg 2048w, https:\/\/kuwehi.de\/wp-content\/uploads\/2024\/11\/Osthushenrich-Stiftung_logo_rgb_300-1600x854.jpg 1600w\" alt=\"\" width=\"300\" height=\"160\" \/>Die Veranstaltung wird gef\u00f6rdert von der Osthushenrichstiftung.<\/h5>\n<p>&nbsp;<\/p>","excerpt":"","slug":"samstagswerkstatt-gemeinsam-herbstliches-filzen","image":{"url":"https:\/\/kuwehi.de\/wp-content\/uploads\/2026\/03\/FilzenCollage.png","id":11383,"extension":"png","width":2000,"height":1125,"filesize":3699892,"sizes":{"medium":{"width":300,"height":169,"mime-type":"image\/png","filesize":36890,"url":"https:\/\/kuwehi.de\/wp-content\/uploads\/2026\/03\/FilzenCollage-300x169.png"},"large":{"width":1024,"height":576,"mime-type":"image\/png","filesize":288924,"url":"https:\/\/kuwehi.de\/wp-content\/uploads\/2026\/03\/FilzenCollage-1024x576.png"},"thumbnail":{"width":150,"height":84,"mime-type":"image\/png","filesize":11515,"url":"https:\/\/kuwehi.de\/wp-content\/uploads\/2026\/03\/FilzenCollage-150x84.png"},"medium_large":{"width":768,"height":432,"mime-type":"image\/png","filesize":175666,"url":"https:\/\/kuwehi.de\/wp-content\/uploads\/2026\/03\/FilzenCollage-768x432.png"},"1536x1536":{"width":1536,"height":864,"mime-type":"image\/png","filesize":584443,"url":"https:\/\/kuwehi.de\/wp-content\/uploads\/2026\/03\/FilzenCollage-1536x864.png"},"primer-featured":{"width":1600,"height":900,"mime-type":"image\/png","filesize":627284,"url":"https:\/\/kuwehi.de\/wp-content\/uploads\/2026\/03\/FilzenCollage-1600x900.png"}}},"all_day":false,"start_date":"2026-09-26 10:00:00","start_date_details":{"year":"2026","month":"09","day":"26","hour":"10","minutes":"00","seconds":"00"},"end_date":"2026-09-26 12:30:00","end_date_details":{"year":"2026","month":"09","day":"26","hour":"12","minutes":"30","seconds":"00"},"utc_start_date":"2026-09-26 08:00:00","utc_start_date_details":{"year":"2026","month":"09","day":"26","hour":"08","minutes":"00","seconds":"00"},"utc_end_date":"2026-09-26 10:30:00","utc_end_date_details":{"year":"2026","month":"09","day":"26","hour":"10","minutes":"30","seconds":"00"},"timezone":"Europe\/Berlin","timezone_abbr":"CEST","cost":"","cost_details":{"currency_symbol":"","currency_code":"","currency_position":"","values":[]},"website":"","show_map":true,"show_map_link":true,"hide_from_listings":false,"sticky":false,"featured":false,"categories":[],"tags":[],"venue":{"id":488,"author":"1","status":"publish","date":"2020-04-18 16:48:27","date_utc":"2020-04-18 16:48:27","modified":"2026-02-27 12:21:59","modified_utc":"2026-02-27 11:21:59","url":"https:\/\/kuwehi.de\/?tribe_venue=kulturwerkstatt-hiddenhausen","venue":"Kulturwerkstatt Hiddenhausen","slug":"kulturwerkstatt-hiddenhausen","address":"Sonntagstra\u00dfe 11","city":"Hiddenhausen","zip":"32120","phone":"05223\/9859880","json_ld":{"@type":"Place","name":"Kulturwerkstatt Hiddenhausen","description":"","url":"","address":{"@type":"PostalAddress","streetAddress":"Sonntagstra\u00dfe 11","addressLocality":"Hiddenhausen","postalCode":"32120"},"telephone":"05223\/9859880","sameAs":""},"show_map":true,"show_map_link":true,"global_id":"kuwehi.de?id=488","global_id_lineage":["kuwehi.de?id=488"]},"organizer":[{"id":489,"author":"1","status":"publish","date":"2020-04-18 16:48:27","date_utc":"2020-04-18 16:48:27","modified":"2022-03-28 18:42:48","modified_utc":"2022-03-28 16:42:48","url":"https:\/\/kuwehi.de\/?tribe_organizer=kulurwerkstatt-hiddenhausen-e-v","organizer":"KulturWerkstatt Hiddenhausen e.V.","slug":"kulurwerkstatt-hiddenhausen-e-v","phone":"05223\/9859880","website":"www.kuwehi.de","email":"info@kuwehi.de","json_ld":{"@type":"Person","name":"KulturWerkstatt Hiddenhausen e.V.","description":"","url":"http:\/\/www.kuwehi.de","telephone":"05223\/9859880","email":"info&#64;ku&#119;e&#104;&#105;&#46;de","sameAs":"http:\/\/www.kuwehi.de"},"global_id":"kuwehi.de?id=489","global_id_lineage":["kuwehi.de?id=489"]}],"custom_fields":[],"json_ld":{"@context":"http:\/\/schema.org","@type":"Event","name":"Samstagswerkstatt gemeinsam: Herbstliches Filzen","description":"&lt;p&gt;Samstagswerkstatt gemeinsam: Herbstliches Filzen (f\u00fcr Kinder ab 6 Jahren) Mit Andrea Mallwitz-Jander M\u00e4use im Apfelversteck, Igel im Herbstlaub oder Kastanien&hellip;&lt;\/p&gt;\\n","image":"https:\/\/kuwehi.de\/wp-content\/uploads\/2026\/03\/FilzenCollage.png","url":"https:\/\/kuwehi.de\/?tribe_events=samstagswerkstatt-gemeinsam-herbstliches-filzen","eventAttendanceMode":"https:\/\/schema.org\/OfflineEventAttendanceMode","eventStatus":"https:\/\/schema.org\/EventScheduled","startDate":"2026-09-26T10:00:00+02:00","endDate":"2026-09-26T12:30:00+02:00","location":{"@type":"Place","name":"Kulturwerkstatt Hiddenhausen","description":"","url":"","address":{"@type":"PostalAddress","streetAddress":"Sonntagstra\u00dfe 11","addressLocality":"Hiddenhausen","postalCode":"32120"},"telephone":"05223\/9859880","sameAs":""},"organizer":{"@type":"Person","name":"KulturWerkstatt Hiddenhausen e.V.","description":"","url":"http:\/\/www.kuwehi.de","telephone":"05223\/9859880","email":"&#105;n&#102;o&#64;k&#117;w&#101;h&#105;.d&#101;","sameAs":"http:\/\/www.kuwehi.de"},"performer":"Organization"},"ticketed":false}