{"id":10700,"global_id":"kuwehi.de?id=10700","global_id_lineage":["kuwehi.de?id=10700"],"author":"1","status":"publish","date":"2025-08-26 19:19:01","date_utc":"2025-08-26 17:19:01","modified":"2025-10-20 10:20:17","modified_utc":"2025-10-20 08:20:17","url":"https:\/\/kuwehi.de\/?tribe_events=im-farbenzauber-der-maerchen","rest_url":"https:\/\/kuwehi.de\/index.php?rest_route=\/tribe\/events\/v1\/events\/10700","title":"Im Farbenzauber der M\u00e4rchen","description":"<h1 style=\"text-align: center;\"><span style=\"color: #ff0000;\">ABGESAGT !<\/span><\/h1>\n<h1><\/h1>\n<h1 style=\"text-align: center;\">IM FARBENZAUBER DER M\u00c4RCHEN<\/h1>\n<h3 style=\"text-align: center;\"><span style=\"font-size: 24px;\">mit Ingrid Kerber<\/span><\/h3>\n<h5 style=\"text-align: center;\">Ein Aquarellkurs in der Na\u00df-in -Na\u00df-Technik f\u00fcr Kinder von 6-9 Jahren.<\/h5>\n<div id='gallery-1' class='gallery galleryid-0 gallery-columns-2 gallery-size-large'><figure class='gallery-item'>\n\t\t\t<div class='gallery-icon portrait'>\n\t\t\t\t<img fetchpriority=\"high\" decoding=\"async\" width=\"683\" height=\"1024\" src=\"https:\/\/kuwehi.de\/wp-content\/uploads\/2025\/08\/Im-Farbenzauber-der-Maerchen_Aquarell-Bild1-683x1024.jpg\" class=\"attachment-large size-large\" alt=\"\" srcset=\"https:\/\/kuwehi.de\/wp-content\/uploads\/2025\/08\/Im-Farbenzauber-der-Maerchen_Aquarell-Bild1-683x1024.jpg 683w, https:\/\/kuwehi.de\/wp-content\/uploads\/2025\/08\/Im-Farbenzauber-der-Maerchen_Aquarell-Bild1-200x300.jpg 200w, https:\/\/kuwehi.de\/wp-content\/uploads\/2025\/08\/Im-Farbenzauber-der-Maerchen_Aquarell-Bild1-100x150.jpg 100w, https:\/\/kuwehi.de\/wp-content\/uploads\/2025\/08\/Im-Farbenzauber-der-Maerchen_Aquarell-Bild1-768x1152.jpg 768w, https:\/\/kuwehi.de\/wp-content\/uploads\/2025\/08\/Im-Farbenzauber-der-Maerchen_Aquarell-Bild1-1024x1536.jpg 1024w, https:\/\/kuwehi.de\/wp-content\/uploads\/2025\/08\/Im-Farbenzauber-der-Maerchen_Aquarell-Bild1-1365x2048.jpg 1365w, https:\/\/kuwehi.de\/wp-content\/uploads\/2025\/08\/Im-Farbenzauber-der-Maerchen_Aquarell-Bild1-1600x2400.jpg 1600w, https:\/\/kuwehi.de\/wp-content\/uploads\/2025\/08\/Im-Farbenzauber-der-Maerchen_Aquarell-Bild1-scaled.jpg 1707w\" sizes=\"(max-width: 683px) 100vw, 683px\" \/>\n\t\t\t<\/div><\/figure><figure class='gallery-item'>\n\t\t\t<div class='gallery-icon portrait'>\n\t\t\t\t<img decoding=\"async\" width=\"683\" height=\"1024\" src=\"https:\/\/kuwehi.de\/wp-content\/uploads\/2025\/08\/Im-Farbenzauber-der-Maerchen_Aquarell-Bild2-683x1024.jpg\" class=\"attachment-large size-large\" alt=\"\" srcset=\"https:\/\/kuwehi.de\/wp-content\/uploads\/2025\/08\/Im-Farbenzauber-der-Maerchen_Aquarell-Bild2-683x1024.jpg 683w, https:\/\/kuwehi.de\/wp-content\/uploads\/2025\/08\/Im-Farbenzauber-der-Maerchen_Aquarell-Bild2-200x300.jpg 200w, https:\/\/kuwehi.de\/wp-content\/uploads\/2025\/08\/Im-Farbenzauber-der-Maerchen_Aquarell-Bild2-100x150.jpg 100w, https:\/\/kuwehi.de\/wp-content\/uploads\/2025\/08\/Im-Farbenzauber-der-Maerchen_Aquarell-Bild2-768x1152.jpg 768w, https:\/\/kuwehi.de\/wp-content\/uploads\/2025\/08\/Im-Farbenzauber-der-Maerchen_Aquarell-Bild2-1024x1536.jpg 1024w, https:\/\/kuwehi.de\/wp-content\/uploads\/2025\/08\/Im-Farbenzauber-der-Maerchen_Aquarell-Bild2-1365x2048.jpg 1365w, https:\/\/kuwehi.de\/wp-content\/uploads\/2025\/08\/Im-Farbenzauber-der-Maerchen_Aquarell-Bild2-1600x2400.jpg 1600w, https:\/\/kuwehi.de\/wp-content\/uploads\/2025\/08\/Im-Farbenzauber-der-Maerchen_Aquarell-Bild2-scaled.jpg 1707w\" sizes=\"(max-width: 683px) 100vw, 683px\" \/>\n\t\t\t<\/div><\/figure>\n\t\t<\/div>\n\n<h5 style=\"text-align: center;\">In den M\u00e4rchen werden unsere kleinen HeldInnen vor viele schwierige Aufgaben gestellt. Sie \u00fcberwinden dabei ihre Angst und l\u00f6sen ihre Probleme Schritt f\u00fcr Schritt. Dabei gehen sie von der Dunkelheit ins Helle. Wir gehen mit ihnen durch &#8218;Dick und D\u00fcnn&#8216; und durchleben mit ihnen diese Spannung in allen Farben.<\/h5>\n<h3 style=\"text-align: center;\">Termin: Donnerstag, 23. Oktober und Freitag, 24.Oktober<br \/>\njeweils von 10-12.30 Uhr<\/h3>\n<h5 style=\"text-align: center;\">Kursgeb\u00fchr: 12 Euro<br \/>\n(Beide Tage nur zusammenh\u00e4ngend buchbar)<\/h5>\n<p><img decoding=\"async\" class=\"wp-image-9639 size-medium alignleft\" src=\"https:\/\/kuwehi.de\/wp-content\/uploads\/2024\/11\/Osthushenrich-Stiftung_logo_rgb_300-300x160.jpg\" alt=\"\" width=\"300\" height=\"160\" srcset=\"https:\/\/kuwehi.de\/wp-content\/uploads\/2024\/11\/Osthushenrich-Stiftung_logo_rgb_300-300x160.jpg 300w, https:\/\/kuwehi.de\/wp-content\/uploads\/2024\/11\/Osthushenrich-Stiftung_logo_rgb_300-1024x546.jpg 1024w, https:\/\/kuwehi.de\/wp-content\/uploads\/2024\/11\/Osthushenrich-Stiftung_logo_rgb_300-150x80.jpg 150w, https:\/\/kuwehi.de\/wp-content\/uploads\/2024\/11\/Osthushenrich-Stiftung_logo_rgb_300-768x410.jpg 768w, https:\/\/kuwehi.de\/wp-content\/uploads\/2024\/11\/Osthushenrich-Stiftung_logo_rgb_300-1536x819.jpg 1536w, https:\/\/kuwehi.de\/wp-content\/uploads\/2024\/11\/Osthushenrich-Stiftung_logo_rgb_300-2048x1092.jpg 2048w, https:\/\/kuwehi.de\/wp-content\/uploads\/2024\/11\/Osthushenrich-Stiftung_logo_rgb_300-1600x854.jpg 1600w\" sizes=\"(max-width: 300px) 100vw, 300px\" \/><\/p>\n<p>&nbsp;<\/p>\n<p>Die Veranstaltung wird gef\u00f6rdert von der Osthushenrichstiftung und kostet daher <em>nur 6 \u20ac<\/em> pro TeilnehmerIn <em>pro Tag<\/em>.<\/p>","excerpt":"","slug":"im-farbenzauber-der-maerchen","image":{"url":"https:\/\/kuwehi.de\/wp-content\/uploads\/2025\/08\/Im-Farbenzauber-der-Maerchen_Titelbild-16_9.jpg","id":10707,"extension":"jpg","width":1920,"height":1080,"filesize":244082,"sizes":{"medium":{"width":300,"height":169,"mime-type":"image\/jpeg","filesize":11542,"url":"https:\/\/kuwehi.de\/wp-content\/uploads\/2025\/08\/Im-Farbenzauber-der-Maerchen_Titelbild-16_9-300x169.jpg"},"large":{"width":1024,"height":576,"mime-type":"image\/jpeg","filesize":73579,"url":"https:\/\/kuwehi.de\/wp-content\/uploads\/2025\/08\/Im-Farbenzauber-der-Maerchen_Titelbild-16_9-1024x576.jpg"},"thumbnail":{"width":150,"height":84,"mime-type":"image\/jpeg","filesize":6706,"url":"https:\/\/kuwehi.de\/wp-content\/uploads\/2025\/08\/Im-Farbenzauber-der-Maerchen_Titelbild-16_9-150x84.jpg"},"medium_large":{"width":768,"height":432,"mime-type":"image\/jpeg","filesize":43389,"url":"https:\/\/kuwehi.de\/wp-content\/uploads\/2025\/08\/Im-Farbenzauber-der-Maerchen_Titelbild-16_9-768x432.jpg"},"1536x1536":{"width":1536,"height":864,"mime-type":"image\/jpeg","filesize":153799,"url":"https:\/\/kuwehi.de\/wp-content\/uploads\/2025\/08\/Im-Farbenzauber-der-Maerchen_Titelbild-16_9-1536x864.jpg"},"primer-featured":{"width":1600,"height":900,"mime-type":"image\/jpeg","filesize":166622,"url":"https:\/\/kuwehi.de\/wp-content\/uploads\/2025\/08\/Im-Farbenzauber-der-Maerchen_Titelbild-16_9-1600x900.jpg"},"elementor_custom_1024x1024":{"width":1024,"height":1024,"mime-type":"image\/jpeg","url":"https:\/\/kuwehi.de\/wp-content\/uploads\/2025\/08\/elementor\/thumbs\/Im-Farbenzauber-der-Maerchen_Titelbild-16_9-rau464livqz5qp2wkadnyvgvscwmtzjfw5u3y7k2dc.jpg"}}},"all_day":false,"start_date":"2025-10-23 10:00:00","start_date_details":{"year":"2025","month":"10","day":"23","hour":"10","minutes":"00","seconds":"00"},"end_date":"2025-10-23 12:30:00","end_date_details":{"year":"2025","month":"10","day":"23","hour":"12","minutes":"30","seconds":"00"},"utc_start_date":"2025-10-23 08:00:00","utc_start_date_details":{"year":"2025","month":"10","day":"23","hour":"08","minutes":"00","seconds":"00"},"utc_end_date":"2025-10-23 10:30:00","utc_end_date_details":{"year":"2025","month":"10","day":"23","hour":"10","minutes":"30","seconds":"00"},"timezone":"Europe\/Berlin","timezone_abbr":"CEST","cost":"","cost_details":{"currency_symbol":"","currency_code":"","currency_position":"","values":[]},"website":"","show_map":true,"show_map_link":true,"hide_from_listings":false,"sticky":false,"featured":false,"categories":[],"tags":[],"venue":{"id":488,"author":"1","status":"publish","date":"2020-04-18 16:48:27","date_utc":"2020-04-18 16:48:27","modified":"2026-02-27 12:21:59","modified_utc":"2026-02-27 11:21:59","url":"https:\/\/kuwehi.de\/?tribe_venue=kulturwerkstatt-hiddenhausen","venue":"Kulturwerkstatt Hiddenhausen","slug":"kulturwerkstatt-hiddenhausen","address":"Sonntagstra\u00dfe 11","city":"Hiddenhausen","zip":"32120","phone":"05223\/9859880","json_ld":{"@type":"Place","name":"Kulturwerkstatt Hiddenhausen","description":"","url":"","address":{"@type":"PostalAddress","streetAddress":"Sonntagstra\u00dfe 11","addressLocality":"Hiddenhausen","postalCode":"32120"},"telephone":"05223\/9859880","sameAs":""},"show_map":true,"show_map_link":true,"global_id":"kuwehi.de?id=488","global_id_lineage":["kuwehi.de?id=488"]},"organizer":[{"id":489,"author":"1","status":"publish","date":"2020-04-18 16:48:27","date_utc":"2020-04-18 16:48:27","modified":"2022-03-28 18:42:48","modified_utc":"2022-03-28 16:42:48","url":"https:\/\/kuwehi.de\/?tribe_organizer=kulurwerkstatt-hiddenhausen-e-v","organizer":"KulturWerkstatt Hiddenhausen e.V.","slug":"kulurwerkstatt-hiddenhausen-e-v","phone":"05223\/9859880","website":"www.kuwehi.de","email":"info@kuwehi.de","json_ld":{"@type":"Person","name":"KulturWerkstatt Hiddenhausen e.V.","description":"","url":"http:\/\/www.kuwehi.de","telephone":"05223\/9859880","email":"&#105;nf&#111;&#64;kuwe&#104;&#105;&#46;&#100;e","sameAs":"http:\/\/www.kuwehi.de"},"global_id":"kuwehi.de?id=489","global_id_lineage":["kuwehi.de?id=489"]}],"custom_fields":[],"json_ld":{"@context":"http:\/\/schema.org","@type":"Event","name":"Im Farbenzauber der M\u00e4rchen","description":"&lt;p&gt;ABGESAGT ! IM FARBENZAUBER DER M\u00c4RCHEN mit Ingrid Kerber Ein Aquarellkurs in der Na\u00df-in -Na\u00df-Technik f\u00fcr Kinder von 6-9 Jahren.&hellip;&lt;\/p&gt;\\n","image":"https:\/\/kuwehi.de\/wp-content\/uploads\/2025\/08\/Im-Farbenzauber-der-Maerchen_Titelbild-16_9.jpg","url":"https:\/\/kuwehi.de\/?tribe_events=im-farbenzauber-der-maerchen","eventAttendanceMode":"https:\/\/schema.org\/OfflineEventAttendanceMode","eventStatus":"https:\/\/schema.org\/EventScheduled","startDate":"2025-10-23T10:00:00+02:00","endDate":"2025-10-23T12:30:00+02:00","location":{"@type":"Place","name":"Kulturwerkstatt Hiddenhausen","description":"","url":"","address":{"@type":"PostalAddress","streetAddress":"Sonntagstra\u00dfe 11","addressLocality":"Hiddenhausen","postalCode":"32120"},"telephone":"05223\/9859880","sameAs":""},"organizer":{"@type":"Person","name":"KulturWerkstatt Hiddenhausen e.V.","description":"","url":"http:\/\/www.kuwehi.de","telephone":"05223\/9859880","email":"&#105;n&#102;&#111;&#64;kuwe&#104;i.d&#101;","sameAs":"http:\/\/www.kuwehi.de"},"performer":"Organization"},"ticketed":false}