{"id":10644,"global_id":"kuwehi.de?id=10644","global_id_lineage":["kuwehi.de?id=10644"],"author":"1","status":"publish","date":"2025-07-25 14:12:00","date_utc":"2025-07-25 12:12:00","modified":"2025-10-08 14:02:10","modified_utc":"2025-10-08 12:02:10","url":"https:\/\/kuwehi.de\/?tribe_events=10644","rest_url":"https:\/\/kuwehi.de\/index.php?rest_route=\/tribe\/events\/v1\/events\/10644","title":"Kulturrucksack: B\u00fchnengestaltung &#8222;B\u00fchnenwerker&#8220;","description":"<h2 style=\"text-align: center;\"><span style=\"color: #ff6600;\">! Leider abgesagt !<\/span><\/h2>\n<h2><\/h2>\n<h2 style=\"text-align: center;\">B\u00fchnengestaltung \u2013 B\u00fchnenwerker<\/h2>\n<h4 style=\"text-align: center;\">mit K\u00fcnstlerin Kathrin Wolters<\/h4>\n<h5>Du erfindest, gestaltest und baust mit anderen ein B\u00fchnenbild zum Thema Handwerk und stellst auch kleinere Requisiten her. Parallel findet ein Workshop statt, in dem Teilnehmer*innen ein Theaterst\u00fcck zu eurem B\u00fchnenbild entwickeln.<\/h5>\n<h5>Am Ende gibt es eine Auff\u00fchrung vor eurem B\u00fchnenbild f\u00fcr Familien und Freunde.<\/h5>\n<h5>13. \u2013 17. 10.2025 jeweils von 10 bis 15 Uhr,<\/h5>\n<h5>Freitag bis 16 Uhr (15:00 Uhr findet die Auff\u00fchrung statt, zu der Familie und Freunde herzlich eingeladen sind!)<\/h5>\n<p>Das Angebot richtet sich an Kinder und Jugendlichen <strong>von 10 bis 14 Jahren<\/strong>.<\/p>\n<div class=\"tribe-events-single-event-description tribe-events-content\">\n<p><img fetchpriority=\"high\" decoding=\"async\" class=\"alignleft size-full wp-image-5015\" src=\"https:\/\/kuwehi.de\/wp-content\/uploads\/2022\/05\/Logo-Kulturrucksack-Foerderung-vom-Ministerium-Schule.png\" alt=\"\" width=\"259\" height=\"194\" \/><\/p>\n<p>&nbsp;<\/p>\n<p><img decoding=\"async\" class=\"alignleft size-medium wp-image-2545\" src=\"https:\/\/kuwehi.de\/wp-content\/uploads\/2021\/01\/Logo-Ministerium-f\u00fcr-Kinder...-NRW-300x103.png\" sizes=\"(max-width: 300px) 100vw, 300px\" srcset=\"https:\/\/kuwehi.de\/wp-content\/uploads\/2021\/01\/Logo-Ministerium-f\u00fcr-Kinder...-NRW-300x103.png 300w, https:\/\/kuwehi.de\/wp-content\/uploads\/2021\/01\/Logo-Ministerium-f\u00fcr-Kinder...-NRW.png 527w\" alt=\"\" width=\"300\" height=\"103\" \/><strong>\u2026 und daher f\u00fcr die Teilnehmenden kostenlos !<\/strong><\/p>\n<\/div>\n<p>&nbsp;<\/p>\n<p>&nbsp;<\/p>\n<p>Mehr Informationen zu Kathrin Wolters gibt es hier: <span style=\"color: #666699;\"><a style=\"color: #666699;\" href=\"https:\/\/kathrinwolters.de\/about\/\">Kathrin Wolters<\/a><\/span><\/p>","excerpt":"","slug":"10644","image":{"url":"https:\/\/kuwehi.de\/wp-content\/uploads\/2025\/07\/Theaterworkshop-Buehnenwerker-Buehnenbau-16zu9.jpg","id":10647,"extension":"jpg","width":1454,"height":818,"filesize":278315,"sizes":{"medium":{"width":300,"height":169,"mime-type":"image\/jpeg","filesize":14744,"url":"https:\/\/kuwehi.de\/wp-content\/uploads\/2025\/07\/Theaterworkshop-Buehnenwerker-Buehnenbau-16zu9-300x169.jpg"},"large":{"width":1024,"height":576,"mime-type":"image\/jpeg","filesize":103015,"url":"https:\/\/kuwehi.de\/wp-content\/uploads\/2025\/07\/Theaterworkshop-Buehnenwerker-Buehnenbau-16zu9-1024x576.jpg"},"thumbnail":{"width":150,"height":84,"mime-type":"image\/jpeg","filesize":6626,"url":"https:\/\/kuwehi.de\/wp-content\/uploads\/2025\/07\/Theaterworkshop-Buehnenwerker-Buehnenbau-16zu9-150x84.jpg"},"medium_large":{"width":768,"height":432,"mime-type":"image\/jpeg","filesize":63733,"url":"https:\/\/kuwehi.de\/wp-content\/uploads\/2025\/07\/Theaterworkshop-Buehnenwerker-Buehnenbau-16zu9-768x432.jpg"}}},"all_day":false,"start_date":"2025-10-13 10:00:00","start_date_details":{"year":"2025","month":"10","day":"13","hour":"10","minutes":"00","seconds":"00"},"end_date":"2025-10-13 15:00:00","end_date_details":{"year":"2025","month":"10","day":"13","hour":"15","minutes":"00","seconds":"00"},"utc_start_date":"2025-10-13 08:00:00","utc_start_date_details":{"year":"2025","month":"10","day":"13","hour":"08","minutes":"00","seconds":"00"},"utc_end_date":"2025-10-13 13:00:00","utc_end_date_details":{"year":"2025","month":"10","day":"13","hour":"13","minutes":"00","seconds":"00"},"timezone":"Europe\/Berlin","timezone_abbr":"CEST","cost":"","cost_details":{"currency_symbol":"","currency_code":"","currency_position":"","values":[]},"website":"","show_map":true,"show_map_link":true,"hide_from_listings":false,"sticky":false,"featured":false,"categories":[],"tags":[],"venue":{"id":488,"author":"1","status":"publish","date":"2020-04-18 16:48:27","date_utc":"2020-04-18 16:48:27","modified":"2026-02-27 12:21:59","modified_utc":"2026-02-27 11:21:59","url":"https:\/\/kuwehi.de\/?tribe_venue=kulturwerkstatt-hiddenhausen","venue":"Kulturwerkstatt Hiddenhausen","slug":"kulturwerkstatt-hiddenhausen","address":"Sonntagstra\u00dfe 11","city":"Hiddenhausen","zip":"32120","phone":"05223\/9859880","json_ld":{"@type":"Place","name":"Kulturwerkstatt Hiddenhausen","description":"","url":"","address":{"@type":"PostalAddress","streetAddress":"Sonntagstra\u00dfe 11","addressLocality":"Hiddenhausen","postalCode":"32120"},"telephone":"05223\/9859880","sameAs":""},"show_map":true,"show_map_link":true,"global_id":"kuwehi.de?id=488","global_id_lineage":["kuwehi.de?id=488"]},"organizer":[{"id":489,"author":"1","status":"publish","date":"2020-04-18 16:48:27","date_utc":"2020-04-18 16:48:27","modified":"2022-03-28 18:42:48","modified_utc":"2022-03-28 16:42:48","url":"https:\/\/kuwehi.de\/?tribe_organizer=kulurwerkstatt-hiddenhausen-e-v","organizer":"KulturWerkstatt Hiddenhausen e.V.","slug":"kulurwerkstatt-hiddenhausen-e-v","phone":"05223\/9859880","website":"www.kuwehi.de","email":"info@kuwehi.de","json_ld":{"@type":"Person","name":"KulturWerkstatt Hiddenhausen e.V.","description":"","url":"http:\/\/www.kuwehi.de","telephone":"05223\/9859880","email":"i&#110;fo&#64;&#107;uw&#101;hi.&#100;&#101;","sameAs":"http:\/\/www.kuwehi.de"},"global_id":"kuwehi.de?id=489","global_id_lineage":["kuwehi.de?id=489"]}],"custom_fields":[],"json_ld":{"@context":"http:\/\/schema.org","@type":"Event","name":"Kulturrucksack: B\u00fchnengestaltung &#8222;B\u00fchnenwerker&#8220;","description":"&lt;p&gt;! Leider abgesagt ! B\u00fchnengestaltung \u2013 B\u00fchnenwerker mit K\u00fcnstlerin Kathrin Wolters Du erfindest, gestaltest und baust mit anderen ein B\u00fchnenbild&hellip;&lt;\/p&gt;\\n","image":"https:\/\/kuwehi.de\/wp-content\/uploads\/2025\/07\/Theaterworkshop-Buehnenwerker-Buehnenbau-16zu9.jpg","url":"https:\/\/kuwehi.de\/?tribe_events=10644","eventAttendanceMode":"https:\/\/schema.org\/OfflineEventAttendanceMode","eventStatus":"https:\/\/schema.org\/EventScheduled","startDate":"2025-10-13T10:00:00+02:00","endDate":"2025-10-13T15:00:00+02:00","location":{"@type":"Place","name":"Kulturwerkstatt Hiddenhausen","description":"","url":"","address":{"@type":"PostalAddress","streetAddress":"Sonntagstra\u00dfe 11","addressLocality":"Hiddenhausen","postalCode":"32120"},"telephone":"05223\/9859880","sameAs":""},"organizer":{"@type":"Person","name":"KulturWerkstatt Hiddenhausen e.V.","description":"","url":"http:\/\/www.kuwehi.de","telephone":"05223\/9859880","email":"&#105;nfo&#64;&#107;uw&#101;h&#105;.&#100;&#101;","sameAs":"http:\/\/www.kuwehi.de"},"performer":"Organization"},"ticketed":false}