{"id":10025,"global_id":"kuwehi.de?id=10025","global_id_lineage":["kuwehi.de?id=10025"],"author":"1","status":"publish","date":"2025-03-03 18:25:25","date_utc":"2025-03-03 17:25:25","modified":"2025-04-08 19:06:59","modified_utc":"2025-04-08 17:06:59","url":"https:\/\/kuwehi.de\/?tribe_events=filzen-zu-ostern-2025","rest_url":"https:\/\/kuwehi.de\/index.php?rest_route=\/tribe\/events\/v1\/events\/10025","title":"Filzen zu Ostern 2025","description":"<h2 style=\"text-align: center;\"><span style=\"font-family: trebuchet ms, geneva;\">Filzen zu Ostern<\/span><\/h2>\n<h4 style=\"text-align: center;\"><span style=\"font-family: trebuchet ms, geneva;\">Mit Annette Jeitner<\/span><\/h4>\n<h5><span style=\"font-family: trebuchet ms, geneva;\">Wir erschaffen mit unseren H\u00e4nden mit Hilfe von Wasser und Seife in Nassfilztechnik<\/span><\/h5>\n<h5><span style=\"font-family: trebuchet ms, geneva;\">Osterk\u00f6rbchen, Eierw\u00e4rmer in Tierform &#8230; schr\u00e4ge V\u00f6gel oder was die Fantasie so hergibt.<\/span><\/h5>\n<h5><span style=\"font-family: trebuchet ms, geneva;\">Nach einer kurzen Einf\u00fchrung in die Technik des Nassfilzens k\u00f6nnen ganz individuell \u00f6sterliche Gebrauchs- oder Dekoobjekte angefertigt werden.<\/span><\/h5>\n<h5><span style=\"font-family: trebuchet ms, geneva;\">Vorkenntnisse sind nicht n\u00f6tig.\u00a0 Eine Teilnahme ist f\u00fcr Jugendliche mit einem Alter ab 16 Jahren m\u00f6glich.<\/span><\/h5>\n<h5 style=\"text-align: center;\"><span style=\"font-family: trebuchet ms, geneva;\">Kosten: <\/span><\/h5>\n<h5 style=\"text-align: center;\"><span style=\"font-family: trebuchet ms, geneva;\">Kursgeb\u00fchr: 35 \u20ac\u00a0<\/span><\/h5>\n<h5 style=\"text-align: center;\">Die Materialkosten werden im Kurs je nach Verbrauch (3 &#8211; 8 \u20ac) im Kurs abgerechnet.<\/h5>\n<h5 style=\"text-align: center;\">Termin: Sonntag, 13.04.2025, von 14:00 &#8211; 17:30 Uhr<\/h5>\n<h5><span style=\"font-family: trebuchet ms, geneva;\">\u00a0<\/span><\/h5>","excerpt":"","slug":"filzen-zu-ostern-2025","image":{"url":"https:\/\/kuwehi.de\/wp-content\/uploads\/2025\/03\/osterfilzen-Annette-Jeitner-16zu9.jpg","id":10027,"extension":"jpg","width":2438,"height":1371,"filesize":1576648,"sizes":{"medium":{"width":300,"height":169,"mime-type":"image\/jpeg","filesize":17256,"url":"https:\/\/kuwehi.de\/wp-content\/uploads\/2025\/03\/osterfilzen-Annette-Jeitner-16zu9-300x169.jpg"},"large":{"width":1024,"height":576,"mime-type":"image\/jpeg","filesize":169097,"url":"https:\/\/kuwehi.de\/wp-content\/uploads\/2025\/03\/osterfilzen-Annette-Jeitner-16zu9-1024x576.jpg"},"thumbnail":{"width":150,"height":84,"mime-type":"image\/jpeg","filesize":7114,"url":"https:\/\/kuwehi.de\/wp-content\/uploads\/2025\/03\/osterfilzen-Annette-Jeitner-16zu9-150x84.jpg"},"medium_large":{"width":768,"height":432,"mime-type":"image\/jpeg","filesize":92175,"url":"https:\/\/kuwehi.de\/wp-content\/uploads\/2025\/03\/osterfilzen-Annette-Jeitner-16zu9-768x432.jpg"},"1536x1536":{"width":1536,"height":864,"mime-type":"image\/jpeg","filesize":402641,"url":"https:\/\/kuwehi.de\/wp-content\/uploads\/2025\/03\/osterfilzen-Annette-Jeitner-16zu9-1536x864.jpg"},"2048x2048":{"width":2048,"height":1152,"mime-type":"image\/jpeg","filesize":728148,"url":"https:\/\/kuwehi.de\/wp-content\/uploads\/2025\/03\/osterfilzen-Annette-Jeitner-16zu9-2048x1152.jpg"},"primer-featured":{"width":1600,"height":900,"mime-type":"image\/jpeg","filesize":441205,"url":"https:\/\/kuwehi.de\/wp-content\/uploads\/2025\/03\/osterfilzen-Annette-Jeitner-16zu9-1600x900.jpg"},"primer-hero":{"width":2400,"height":1300,"mime-type":"image\/jpeg","filesize":966097,"url":"https:\/\/kuwehi.de\/wp-content\/uploads\/2025\/03\/osterfilzen-Annette-Jeitner-16zu9-2400x1300.jpg"}}},"all_day":false,"start_date":"2025-04-13 14:00:00","start_date_details":{"year":"2025","month":"04","day":"13","hour":"14","minutes":"00","seconds":"00"},"end_date":"2025-04-13 17:30:00","end_date_details":{"year":"2025","month":"04","day":"13","hour":"17","minutes":"30","seconds":"00"},"utc_start_date":"2025-04-13 12:00:00","utc_start_date_details":{"year":"2025","month":"04","day":"13","hour":"12","minutes":"00","seconds":"00"},"utc_end_date":"2025-04-13 15:30:00","utc_end_date_details":{"year":"2025","month":"04","day":"13","hour":"15","minutes":"30","seconds":"00"},"timezone":"Europe\/Berlin","timezone_abbr":"CEST","cost":"","cost_details":{"currency_symbol":"","currency_code":"","currency_position":"","values":[]},"website":"","show_map":true,"show_map_link":true,"hide_from_listings":false,"sticky":false,"featured":false,"categories":[],"tags":[],"venue":{"id":488,"author":"1","status":"publish","date":"2020-04-18 16:48:27","date_utc":"2020-04-18 16:48:27","modified":"2026-02-27 12:21:59","modified_utc":"2026-02-27 11:21:59","url":"https:\/\/kuwehi.de\/?tribe_venue=kulturwerkstatt-hiddenhausen","venue":"Kulturwerkstatt Hiddenhausen","slug":"kulturwerkstatt-hiddenhausen","address":"Sonntagstra\u00dfe 11","city":"Hiddenhausen","zip":"32120","phone":"05223\/9859880","json_ld":{"@type":"Place","name":"Kulturwerkstatt Hiddenhausen","description":"","url":"","address":{"@type":"PostalAddress","streetAddress":"Sonntagstra\u00dfe 11","addressLocality":"Hiddenhausen","postalCode":"32120"},"telephone":"05223\/9859880","sameAs":""},"show_map":true,"show_map_link":true,"global_id":"kuwehi.de?id=488","global_id_lineage":["kuwehi.de?id=488"]},"organizer":[{"id":489,"author":"1","status":"publish","date":"2020-04-18 16:48:27","date_utc":"2020-04-18 16:48:27","modified":"2022-03-28 18:42:48","modified_utc":"2022-03-28 16:42:48","url":"https:\/\/kuwehi.de\/?tribe_organizer=kulurwerkstatt-hiddenhausen-e-v","organizer":"KulturWerkstatt Hiddenhausen e.V.","slug":"kulurwerkstatt-hiddenhausen-e-v","phone":"05223\/9859880","website":"www.kuwehi.de","email":"info@kuwehi.de","json_ld":{"@type":"Person","name":"KulturWerkstatt Hiddenhausen e.V.","description":"","url":"http:\/\/www.kuwehi.de","telephone":"05223\/9859880","email":"&#105;nfo&#64;k&#117;wehi&#46;&#100;e","sameAs":"http:\/\/www.kuwehi.de"},"global_id":"kuwehi.de?id=489","global_id_lineage":["kuwehi.de?id=489"]}],"custom_fields":[],"json_ld":{"@context":"http:\/\/schema.org","@type":"Event","name":"Filzen zu Ostern 2025","description":"&lt;p&gt;Filzen zu Ostern Mit Annette Jeitner Wir erschaffen mit unseren H\u00e4nden mit Hilfe von Wasser und Seife in Nassfilztechnik Osterk\u00f6rbchen,&hellip;&lt;\/p&gt;\\n","image":"https:\/\/kuwehi.de\/wp-content\/uploads\/2025\/03\/osterfilzen-Annette-Jeitner-16zu9.jpg","url":"https:\/\/kuwehi.de\/?tribe_events=filzen-zu-ostern-2025","eventAttendanceMode":"https:\/\/schema.org\/OfflineEventAttendanceMode","eventStatus":"https:\/\/schema.org\/EventScheduled","startDate":"2025-04-13T14:00:00+02:00","endDate":"2025-04-13T17:30:00+02:00","location":{"@type":"Place","name":"Kulturwerkstatt Hiddenhausen","description":"","url":"","address":{"@type":"PostalAddress","streetAddress":"Sonntagstra\u00dfe 11","addressLocality":"Hiddenhausen","postalCode":"32120"},"telephone":"05223\/9859880","sameAs":""},"organizer":{"@type":"Person","name":"KulturWerkstatt Hiddenhausen e.V.","description":"","url":"http:\/\/www.kuwehi.de","telephone":"05223\/9859880","email":"&#105;&#110;f&#111;&#64;kuweh&#105;.&#100;&#101;","sameAs":"http:\/\/www.kuwehi.de"},"performer":"Organization"},"ticketed":false}